{"id":6296,"date":"2024-04-28T17:10:59","date_gmt":"2024-04-28T17:10:59","guid":{"rendered":"https:\/\/www.schuetzenverein-kaltenweide.de\/?p=6296"},"modified":"2024-08-14T21:35:24","modified_gmt":"2024-08-14T19:35:24","slug":"unsere-diesjaehrigen-wuerdentraeger-2024-im-ueberblick","status":"publish","type":"post","link":"https:\/\/www.schuetzenverein-kaltenweide.de\/?p=6296","title":{"rendered":"J\u00f6rg Engel und Samantha Schuppan sind das neue K\u00f6nigspaar \u2013 Felix Burgm\u00fcller ist Jugendk\u00f6nig."},"content":{"rendered":"\n<figure class=\"wp-block-image size-large\"><img data-recalc-dims=\"1\" fetchpriority=\"high\" decoding=\"async\" width=\"625\" height=\"469\" src=\"https:\/\/i0.wp.com\/www.schuetzenverein-kaltenweide.de\/wp-content\/uploads\/2024\/05\/Wuerdentraeger-2024-1024x768.jpeg?resize=625%2C469&#038;ssl=1\" alt=\"\" class=\"wp-image-6308\" srcset=\"https:\/\/i0.wp.com\/schuetzenverein-kaltenweide.de\/wp-content\/uploads\/2024\/05\/Wuerdentraeger-2024.jpeg?resize=1024%2C768&amp;ssl=1 1024w, https:\/\/i0.wp.com\/schuetzenverein-kaltenweide.de\/wp-content\/uploads\/2024\/05\/Wuerdentraeger-2024.jpeg?resize=300%2C225&amp;ssl=1 300w, https:\/\/i0.wp.com\/schuetzenverein-kaltenweide.de\/wp-content\/uploads\/2024\/05\/Wuerdentraeger-2024.jpeg?resize=768%2C576&amp;ssl=1 768w, https:\/\/i0.wp.com\/schuetzenverein-kaltenweide.de\/wp-content\/uploads\/2024\/05\/Wuerdentraeger-2024.jpeg?resize=1536%2C1152&amp;ssl=1 1536w, https:\/\/i0.wp.com\/schuetzenverein-kaltenweide.de\/wp-content\/uploads\/2024\/05\/Wuerdentraeger-2024.jpeg?resize=960%2C720&amp;ssl=1 960w, https:\/\/i0.wp.com\/schuetzenverein-kaltenweide.de\/wp-content\/uploads\/2024\/05\/Wuerdentraeger-2024.jpeg?resize=600%2C450&amp;ssl=1 600w, https:\/\/i0.wp.com\/schuetzenverein-kaltenweide.de\/wp-content\/uploads\/2024\/05\/Wuerdentraeger-2024.jpeg?w=1600&amp;ssl=1 1600w, https:\/\/i0.wp.com\/schuetzenverein-kaltenweide.de\/wp-content\/uploads\/2024\/05\/Wuerdentraeger-2024.jpeg?w=1250&amp;ssl=1 1250w\" sizes=\"(max-width: 625px) 100vw, 625px\" \/><\/figure>\n\n\n\n<p>Erstmals fand das K\u00f6nigsschie\u00dfen in Kaltenweide am letzten Samstag des Aprils statt \u2013 anscheinend die richtige Zeit f\u00fcr den gekr\u00f6nten J\u00f6rg Engel, der als zweiter Vorsitzender mit dem aktuellen Neubau ohnehin einiges um die Ohren hat. Seine K\u00f6nigin Samantha Schuppan kennt sich hingegen gut mit den Aufgaben einer W\u00fcrdentr\u00e4gerin aus, ihre letzte Amtszeit hatte sie 2016. Der diesj\u00e4hrige Jugendk\u00f6nig Felix Burgm\u00fcller lie\u00df seine Schwester Sophie sowie Luis Shaha hinter sich und schnappte sich erstmals die pr\u00e4chtige Jugendscheibe.<\/p>\n\n\n\n<p>Am Freitag, den 17.05.2024 startet in Kaltenweide das Sch\u00fctzenfest. Am Pfingstsamstag werden zuerst der Jugendk\u00f6nig und im Anschluss die Schluckk\u00f6nigin sowie der Gemeindek\u00f6nig geehrt. Am Sonntag geht es dann weiter zur Ehrung der K\u00f6nigin und des K\u00f6nigs in Kaltenweide. Montag findet wie gewohnt der gro\u00dfe Festumzug zusammen mit den befreundeten Vereinen statt. Die diesj\u00e4hrige Route f\u00fchrt \u00fcber folgende Stra\u00dfen: Zellerie, Kananoher Str., Am Osterberg, Wohldamm, Am Brambusch, Kananoher Str., Am Weiherfeld, Am Haselbusch, M\u00fchlenweg, Zellerie<\/p>\n\n\n\n<p>Unsere diesj\u00e4hrigen W\u00fcrdentr\u00e4ger 2024 im \u00dcberblick:<\/p>\n\n\n\n<ul class=\"wp-block-list\">\n<li>K\u00f6nig: J\u00f6rg Engel<\/li>\n\n\n\n<li>K\u00f6nigin: Samantha Schuppan<\/li>\n\n\n\n<li>Jugendk\u00f6nig: Felix Burgm\u00fcller<\/li>\n\n\n\n<li>Sch\u00fclerk\u00f6nigin: Jerome See\u00dfelberg<\/li>\n\n\n\n<li>Niedersachsen Ross: J\u00f6rg Engel<\/li>\n\n\n\n<li>Schluckk\u00f6nigin: Luna Naepel<\/li>\n\n\n\n<li>Herrenh\u00e4user-K\u00f6nigs-Kette: Fritz Schneider<\/li>\n\n\n\n<li>Seniorenkette: Axel Siebert<\/li>\n\n\n\n<li>Meister-Eder-Scheibe: Tobias Lehnhardt<\/li>\n\n\n\n<li>Pistolenkette: Luis Shaha<\/li>\n\n\n\n<li>Re\u00dfmeyerkette: Carmen Shaha<\/li>\n\n\n\n<li>Ohlendorf-Kette: J\u00f6rg Engel<\/li>\n\n\n\n<li>Ortsratpokal: Carmen Shaha<\/li>\n\n\n\n<li>Gemeindek\u00f6nig: Dirk Volmer<\/li>\n\n\n\n<li>Gemeindekette: Samantha Schuppan<\/li>\n\n\n\n<li>Gemeindekette Jugend: Felix Burgm\u00fcller<\/li>\n\n\n\n<li>Sch\u00fctzentaler: Melanie Bulitz<\/li>\n\n\n\n<li>Ludwig-Dengler Scheibe: Ralf See\u00dfelberg<\/li>\n\n\n\n<li>Max-Riedel-Pokal: Sophie Burgm\u00fcller<\/li>\n<\/ul>\n\n\n\n<p>Herzlichen Gl\u00fcckwunsch den erfolgreichen Sch\u00fctzinnen und Sch\u00fctzen!<\/p>\n","protected":false},"excerpt":{"rendered":"<p>Erstmals fand das K\u00f6nigsschie\u00dfen in Kaltenweide am letzten Samstag des Aprils statt \u2013 anscheinend die richtige Zeit f\u00fcr den gekr\u00f6nten J\u00f6rg Engel, der als zweiter Vorsitzender mit dem aktuellen Neubau ohnehin einiges um die Ohren hat. Seine K\u00f6nigin Samantha Schuppan kennt sich hingegen gut mit den Aufgaben einer W\u00fcrdentr\u00e4gerin aus, ihre letzte Amtszeit hatte sie <a href=\"https:\/\/www.schuetzenverein-kaltenweide.de\/?p=6296\" class=\"more-link\">...weiterlesen<span class=\"screen-reader-text\"> \"J\u00f6rg Engel und Samantha Schuppan sind das neue K\u00f6nigspaar \u2013 Felix Burgm\u00fcller ist Jugendk\u00f6nig.\"<\/span><\/a><\/p>\n","protected":false},"author":4,"featured_media":0,"comment_status":"open","ping_status":"open","sticky":false,"template":"","format":"standard","meta":{"_jetpack_memberships_contains_paid_content":false,"footnotes":""},"categories":[1],"tags":[],"class_list":{"0":"post-6296","1":"post","2":"type-post","3":"status-publish","4":"format-standard","6":"category-uncategorized","7":"h-entry","8":"hentry","9":"h-as-article"},"jetpack_featured_media_url":"","jetpack_sharing_enabled":true,"_links":{"self":[{"href":"https:\/\/www.schuetzenverein-kaltenweide.de\/index.php?rest_route=\/wp\/v2\/posts\/6296","targetHints":{"allow":["GET"]}}],"collection":[{"href":"https:\/\/www.schuetzenverein-kaltenweide.de\/index.php?rest_route=\/wp\/v2\/posts"}],"about":[{"href":"https:\/\/www.schuetzenverein-kaltenweide.de\/index.php?rest_route=\/wp\/v2\/types\/post"}],"author":[{"embeddable":true,"href":"https:\/\/www.schuetzenverein-kaltenweide.de\/index.php?rest_route=\/wp\/v2\/users\/4"}],"replies":[{"embeddable":true,"href":"https:\/\/www.schuetzenverein-kaltenweide.de\/index.php?rest_route=%2Fwp%2Fv2%2Fcomments&post=6296"}],"version-history":[{"count":8,"href":"https:\/\/www.schuetzenverein-kaltenweide.de\/index.php?rest_route=\/wp\/v2\/posts\/6296\/revisions"}],"predecessor-version":[{"id":6493,"href":"https:\/\/www.schuetzenverein-kaltenweide.de\/index.php?rest_route=\/wp\/v2\/posts\/6296\/revisions\/6493"}],"wp:attachment":[{"href":"https:\/\/www.schuetzenverein-kaltenweide.de\/index.php?rest_route=%2Fwp%2Fv2%2Fmedia&parent=6296"}],"wp:term":[{"taxonomy":"category","embeddable":true,"href":"https:\/\/www.schuetzenverein-kaltenweide.de\/index.php?rest_route=%2Fwp%2Fv2%2Fcategories&post=6296"},{"taxonomy":"post_tag","embeddable":true,"href":"https:\/\/www.schuetzenverein-kaltenweide.de\/index.php?rest_route=%2Fwp%2Fv2%2Ftags&post=6296"}],"curies":[{"name":"wp","href":"https:\/\/api.w.org\/{rel}","templated":true}]}}