{"id":5985,"date":"2023-10-30T19:41:57","date_gmt":"2023-10-30T19:41:57","guid":{"rendered":"https:\/\/schuetzenverein-kaltenweide.de\/?p=5985"},"modified":"2023-10-30T19:56:15","modified_gmt":"2023-10-30T19:56:15","slug":"luftgewehrschuetzen-starten-stark-in-die-neue-saison","status":"publish","type":"post","link":"https:\/\/www.schuetzenverein-kaltenweide.de\/?p=5985","title":{"rendered":"Luftgewehrsch\u00fctzen starten stark in die neue Saison"},"content":{"rendered":"\n<figure class=\"wp-block-image size-full is-resized\"><img data-recalc-dims=\"1\" fetchpriority=\"high\" decoding=\"async\" width=\"625\" height=\"297\" src=\"https:\/\/i0.wp.com\/schuetzenverein-kaltenweide.de\/wp-content\/uploads\/2023\/10\/cropped-1698493463410.jpg?resize=625%2C297&#038;ssl=1\" alt=\"\" class=\"wp-image-5976\" style=\"aspect-ratio:2.1049382716049383;width:461px;height:auto\" srcset=\"https:\/\/i0.wp.com\/schuetzenverein-kaltenweide.de\/wp-content\/uploads\/2023\/10\/cropped-1698493463410.jpg?w=1023&amp;ssl=1 1023w, https:\/\/i0.wp.com\/schuetzenverein-kaltenweide.de\/wp-content\/uploads\/2023\/10\/cropped-1698493463410.jpg?resize=300%2C143&amp;ssl=1 300w, https:\/\/i0.wp.com\/schuetzenverein-kaltenweide.de\/wp-content\/uploads\/2023\/10\/cropped-1698493463410.jpg?resize=768%2C365&amp;ssl=1 768w, https:\/\/i0.wp.com\/schuetzenverein-kaltenweide.de\/wp-content\/uploads\/2023\/10\/cropped-1698493463410.jpg?resize=960%2C456&amp;ssl=1 960w, https:\/\/i0.wp.com\/schuetzenverein-kaltenweide.de\/wp-content\/uploads\/2023\/10\/cropped-1698493463410.jpg?resize=600%2C285&amp;ssl=1 600w\" sizes=\"(max-width: 625px) 100vw, 625px\" \/><\/figure>\n\n\n\n<p>Am 22. Oktober starteten die Gewehrsch\u00fctzinnen und -sch\u00fctzen des Sch\u00fctzenvereins Kaltenweide in die neue Saison der Bezirksliga in der Disziplin Luftgewehr. Drei weitere Vereine waren zu Gast in der Anlage an der Zellerie.<\/p>\n\n\n\n<p>Das Team des Sch\u00fctzenvereins Kaltenweide landete nach dem ersten Ligatag direkt an der Tabellenspitze. In zwei Runden zeigte der Kader um Trainer Fabian Klatt, dass sich die intensive Vorbereitung ausgezahlt hat. Nach einem 5 : 0 gegen den SV Heitlingen 1 gewannen die Kaltenweider Sch\u00fctzinnen und Sch\u00fctzen 4:1 gegen die starke Mannschaft des Jeversen II.\u00a0<\/p>\n\n\n\n<p>\u201eBesser h\u00e4tte es kaum laufen k\u00f6nnen\u201c, freute sich Klatt nach dem Wettkampf. \u201eVerst\u00e4rkt durch die Neuzug\u00e4nge Jana R\u00f6nner und Dunja Pluschke sind wir zuversichtlich, dass wir uns nach diesem gelungenen Start an der Tabellenspitze behaupten k\u00f6nnen.\u201c Der Sch\u00fctzenverein Kaltenweide sei mit dem aus acht Personen bestehenden Kader sehr gut aufgestellt.<\/p>\n\n\n\n<p>Weiter geht es am 5. November gegen den SV H\u00f6fer und den derzeitigen Tabellenf\u00fchrer aus Uetze. An insgesamt vier Wettkampftagen werden die Ligawettk\u00e4mpfe unter acht Vereinen ausgetragen, die Saison l\u00e4uft bis 14. Januar 2024.<\/p>\n\n\n\n<p><\/p>\n","protected":false},"excerpt":{"rendered":"<p>Am 22. Oktober starteten die Gewehrsch\u00fctzinnen und -sch\u00fctzen des Sch\u00fctzenvereins Kaltenweide in die neue Saison der Bezirksliga in der Disziplin Luftgewehr. Drei weitere Vereine waren zu Gast in der Anlage an der Zellerie. Das Team des Sch\u00fctzenvereins Kaltenweide landete nach dem ersten Ligatag direkt an der Tabellenspitze. In zwei Runden zeigte der Kader um Trainer <a href=\"https:\/\/www.schuetzenverein-kaltenweide.de\/?p=5985\" class=\"more-link\">...weiterlesen<span class=\"screen-reader-text\"> \"Luftgewehrsch\u00fctzen starten stark in die neue Saison\"<\/span><\/a><\/p>\n","protected":false},"author":3,"featured_media":0,"comment_status":"open","ping_status":"open","sticky":false,"template":"","format":"standard","meta":{"_jetpack_memberships_contains_paid_content":false,"footnotes":""},"categories":[1],"tags":[],"class_list":{"0":"post-5985","1":"post","2":"type-post","3":"status-publish","4":"format-standard","6":"category-uncategorized","7":"h-entry","8":"hentry","9":"h-as-article"},"jetpack_featured_media_url":"","jetpack_sharing_enabled":true,"_links":{"self":[{"href":"https:\/\/www.schuetzenverein-kaltenweide.de\/index.php?rest_route=\/wp\/v2\/posts\/5985","targetHints":{"allow":["GET"]}}],"collection":[{"href":"https:\/\/www.schuetzenverein-kaltenweide.de\/index.php?rest_route=\/wp\/v2\/posts"}],"about":[{"href":"https:\/\/www.schuetzenverein-kaltenweide.de\/index.php?rest_route=\/wp\/v2\/types\/post"}],"author":[{"embeddable":true,"href":"https:\/\/www.schuetzenverein-kaltenweide.de\/index.php?rest_route=\/wp\/v2\/users\/3"}],"replies":[{"embeddable":true,"href":"https:\/\/www.schuetzenverein-kaltenweide.de\/index.php?rest_route=%2Fwp%2Fv2%2Fcomments&post=5985"}],"version-history":[{"count":8,"href":"https:\/\/www.schuetzenverein-kaltenweide.de\/index.php?rest_route=\/wp\/v2\/posts\/5985\/revisions"}],"predecessor-version":[{"id":5994,"href":"https:\/\/www.schuetzenverein-kaltenweide.de\/index.php?rest_route=\/wp\/v2\/posts\/5985\/revisions\/5994"}],"wp:attachment":[{"href":"https:\/\/www.schuetzenverein-kaltenweide.de\/index.php?rest_route=%2Fwp%2Fv2%2Fmedia&parent=5985"}],"wp:term":[{"taxonomy":"category","embeddable":true,"href":"https:\/\/www.schuetzenverein-kaltenweide.de\/index.php?rest_route=%2Fwp%2Fv2%2Fcategories&post=5985"},{"taxonomy":"post_tag","embeddable":true,"href":"https:\/\/www.schuetzenverein-kaltenweide.de\/index.php?rest_route=%2Fwp%2Fv2%2Ftags&post=5985"}],"curies":[{"name":"wp","href":"https:\/\/api.w.org\/{rel}","templated":true}]}}