{"id":5936,"date":"2023-10-15T16:36:59","date_gmt":"2023-10-15T16:36:59","guid":{"rendered":"https:\/\/schuetzenverein-kaltenweide.de\/?p=5936"},"modified":"2023-10-15T17:05:01","modified_gmt":"2023-10-15T17:05:01","slug":"dach-gekroent-schuetzenverein-kaltenweide-feiert-richtfest","status":"publish","type":"post","link":"https:\/\/www.schuetzenverein-kaltenweide.de\/?p=5936","title":{"rendered":"Dach gekr\u00f6nt: Sch\u00fctzenverein Kaltenweide feiert Richtfest"},"content":{"rendered":"\n<p><strong>Wichtiger Meilenstein f\u00fcr Neubau<\/strong><\/p>\n\n\n\n<figure class=\"wp-block-gallery has-nested-images columns-default is-cropped wp-block-gallery-1 is-layout-flex wp-block-gallery-is-layout-flex\">\n<figure class=\"wp-block-image size-large\"><img data-recalc-dims=\"1\" fetchpriority=\"high\" decoding=\"async\" width=\"400\" height=\"300\" data-id=\"5940\" src=\"https:\/\/i0.wp.com\/schuetzenverein-kaltenweide.de\/wp-content\/uploads\/2023\/10\/1.jpg?resize=400%2C300&#038;ssl=1\" alt=\"\" class=\"wp-image-5940\" srcset=\"https:\/\/i0.wp.com\/schuetzenverein-kaltenweide.de\/wp-content\/uploads\/2023\/10\/1.jpg?w=400&amp;ssl=1 400w, https:\/\/i0.wp.com\/schuetzenverein-kaltenweide.de\/wp-content\/uploads\/2023\/10\/1.jpg?resize=300%2C225&amp;ssl=1 300w\" sizes=\"(max-width: 400px) 100vw, 400px\" \/><\/figure>\n\n\n\n<figure class=\"wp-block-image size-large\"><img data-recalc-dims=\"1\" decoding=\"async\" width=\"400\" height=\"300\" data-id=\"5938\" src=\"https:\/\/i0.wp.com\/schuetzenverein-kaltenweide.de\/wp-content\/uploads\/2023\/10\/2.jpg?resize=400%2C300&#038;ssl=1\" alt=\"\" class=\"wp-image-5938\" srcset=\"https:\/\/i0.wp.com\/schuetzenverein-kaltenweide.de\/wp-content\/uploads\/2023\/10\/2.jpg?w=400&amp;ssl=1 400w, https:\/\/i0.wp.com\/schuetzenverein-kaltenweide.de\/wp-content\/uploads\/2023\/10\/2.jpg?resize=300%2C225&amp;ssl=1 300w\" sizes=\"(max-width: 400px) 100vw, 400px\" \/><\/figure>\n\n\n\n<figure class=\"wp-block-image size-large\"><img data-recalc-dims=\"1\" decoding=\"async\" width=\"625\" height=\"469\" data-id=\"5937\" src=\"https:\/\/i0.wp.com\/schuetzenverein-kaltenweide.de\/wp-content\/uploads\/2023\/10\/3.jpg?resize=625%2C469&#038;ssl=1\" alt=\"\" class=\"wp-image-5937\" srcset=\"https:\/\/i0.wp.com\/schuetzenverein-kaltenweide.de\/wp-content\/uploads\/2023\/10\/3.jpg?resize=1024%2C768&amp;ssl=1 1024w, https:\/\/i0.wp.com\/schuetzenverein-kaltenweide.de\/wp-content\/uploads\/2023\/10\/3.jpg?resize=300%2C225&amp;ssl=1 300w, https:\/\/i0.wp.com\/schuetzenverein-kaltenweide.de\/wp-content\/uploads\/2023\/10\/3.jpg?resize=768%2C576&amp;ssl=1 768w, https:\/\/i0.wp.com\/schuetzenverein-kaltenweide.de\/wp-content\/uploads\/2023\/10\/3.jpg?resize=960%2C720&amp;ssl=1 960w, https:\/\/i0.wp.com\/schuetzenverein-kaltenweide.de\/wp-content\/uploads\/2023\/10\/3.jpg?resize=600%2C450&amp;ssl=1 600w, https:\/\/i0.wp.com\/schuetzenverein-kaltenweide.de\/wp-content\/uploads\/2023\/10\/3.jpg?w=1280&amp;ssl=1 1280w\" sizes=\"(max-width: 625px) 100vw, 625px\" \/><\/figure>\n<\/figure>\n\n\n\n<p>Der Rohbau steht: Nach rund eineinhalb Jahren Bauzeit mit vorherigem Abriss feierte der Sch\u00fctzenverein Kaltenweide auf traditionelle Weise ein Richtfest. Mit dem Neubau der Kleinkaliberanlagen f\u00fcr Gewehr und Pistole schafft der Verein k\u00fcnftig optimale Trainings- und Wettkampfm\u00f6glichkeiten.<\/p>\n\n\n\n<p>Der Vorsitzende des Vereins, Axel Siebert, begr\u00fc\u00dfte die rund 120 G\u00e4ste, darunter Vereinsmitglieder, Handwerker, Freunde und Unterst\u00fctzer: \u201eDass wir hier heute Richtfest feiern, haben unser zweiter Vorsitzender J\u00f6rg Engel und ich zwischendurch nicht f\u00fcr m\u00f6glich gehalten. Durch die wirtschaftliche Lage explodierten die Kosten, L\u00f6sungen mussten her. Deshalb freue ich mich heute umso mehr, diesen wichtigen Meilenstein zu feiern.\u201c Er betonte in seiner Rede, dass die Eigenleistung der Mitglieder die urspr\u00fcngliche Planung \u00fcbertroffen habe und stimmte darauf ein, \u201edass die Arbeitsbelastung durch die anstehenden Innenausbauten noch h\u00f6her sein wird als bisher.\u201c Der Sch\u00fctzenverein sei aber optimistisch, dass die Unterst\u00fctzung durch die Mitglieder nicht nachlasse.<\/p>\n\n\n\n<p>Nachdem die Handwerker das Dach mit dem Richtkranz gekr\u00f6nt hatten und \u2013 wie es Brauch ist \u2013 w\u00fcnschten, dass der Bau lange steht, feierten die G\u00e4ste im Rohbau weiter. Musikalisch untermalt wurde das Event durch das Young Spirit Orchestra des Sch\u00fctzenvereins Kaltenweide.<\/p>\n","protected":false},"excerpt":{"rendered":"<p>Wichtiger Meilenstein f\u00fcr Neubau Der Rohbau steht: Nach rund eineinhalb Jahren Bauzeit mit vorherigem Abriss feierte der Sch\u00fctzenverein Kaltenweide auf traditionelle Weise ein Richtfest. Mit dem Neubau der Kleinkaliberanlagen f\u00fcr Gewehr und Pistole schafft der Verein k\u00fcnftig optimale Trainings- und Wettkampfm\u00f6glichkeiten. Der Vorsitzende des Vereins, Axel Siebert, begr\u00fc\u00dfte die rund 120 G\u00e4ste, darunter Vereinsmitglieder, Handwerker, <a href=\"https:\/\/www.schuetzenverein-kaltenweide.de\/?p=5936\" class=\"more-link\">...weiterlesen<span class=\"screen-reader-text\"> \"Dach gekr\u00f6nt: Sch\u00fctzenverein Kaltenweide feiert Richtfest\"<\/span><\/a><\/p>\n","protected":false},"author":4,"featured_media":0,"comment_status":"open","ping_status":"open","sticky":false,"template":"","format":"standard","meta":{"_jetpack_memberships_contains_paid_content":false,"footnotes":""},"categories":[1],"tags":[],"class_list":{"0":"post-5936","1":"post","2":"type-post","3":"status-publish","4":"format-standard","6":"category-uncategorized","7":"h-entry","8":"hentry","9":"h-as-article"},"jetpack_featured_media_url":"","jetpack_sharing_enabled":true,"_links":{"self":[{"href":"https:\/\/www.schuetzenverein-kaltenweide.de\/index.php?rest_route=\/wp\/v2\/posts\/5936","targetHints":{"allow":["GET"]}}],"collection":[{"href":"https:\/\/www.schuetzenverein-kaltenweide.de\/index.php?rest_route=\/wp\/v2\/posts"}],"about":[{"href":"https:\/\/www.schuetzenverein-kaltenweide.de\/index.php?rest_route=\/wp\/v2\/types\/post"}],"author":[{"embeddable":true,"href":"https:\/\/www.schuetzenverein-kaltenweide.de\/index.php?rest_route=\/wp\/v2\/users\/4"}],"replies":[{"embeddable":true,"href":"https:\/\/www.schuetzenverein-kaltenweide.de\/index.php?rest_route=%2Fwp%2Fv2%2Fcomments&post=5936"}],"version-history":[{"count":2,"href":"https:\/\/www.schuetzenverein-kaltenweide.de\/index.php?rest_route=\/wp\/v2\/posts\/5936\/revisions"}],"predecessor-version":[{"id":5945,"href":"https:\/\/www.schuetzenverein-kaltenweide.de\/index.php?rest_route=\/wp\/v2\/posts\/5936\/revisions\/5945"}],"wp:attachment":[{"href":"https:\/\/www.schuetzenverein-kaltenweide.de\/index.php?rest_route=%2Fwp%2Fv2%2Fmedia&parent=5936"}],"wp:term":[{"taxonomy":"category","embeddable":true,"href":"https:\/\/www.schuetzenverein-kaltenweide.de\/index.php?rest_route=%2Fwp%2Fv2%2Fcategories&post=5936"},{"taxonomy":"post_tag","embeddable":true,"href":"https:\/\/www.schuetzenverein-kaltenweide.de\/index.php?rest_route=%2Fwp%2Fv2%2Ftags&post=5936"}],"curies":[{"name":"wp","href":"https:\/\/api.w.org\/{rel}","templated":true}]}}