{"id":4529,"date":"2022-03-20T17:54:48","date_gmt":"2022-03-20T17:54:48","guid":{"rendered":"https:\/\/schuetzenverein-kaltenweide.de\/?p=4529"},"modified":"2022-03-20T17:56:16","modified_gmt":"2022-03-20T17:56:16","slug":"wie-laeuft-ein-erntejahr-im-weinbau-eigentlich-ab","status":"publish","type":"post","link":"https:\/\/www.schuetzenverein-kaltenweide.de\/?p=4529","title":{"rendered":"Wie l\u00e4uft ein Erntejahr im Weinbau eigentlich ab?"},"content":{"rendered":"<div class=\"wp-block-image\">\n<figure class=\"alignleft size-large is-resized\"><img data-recalc-dims=\"1\" fetchpriority=\"high\" decoding=\"async\" src=\"https:\/\/i0.wp.com\/schuetzenverein-kaltenweide.de\/wp-content\/uploads\/2022\/03\/Bild-Weinprobe.jpeg?resize=306%2C228&#038;ssl=1\" alt=\"\" class=\"wp-image-4530\" width=\"306\" height=\"228\" srcset=\"https:\/\/i0.wp.com\/schuetzenverein-kaltenweide.de\/wp-content\/uploads\/2022\/03\/Bild-Weinprobe.jpeg?resize=300%2C225&amp;ssl=1 300w, https:\/\/i0.wp.com\/schuetzenverein-kaltenweide.de\/wp-content\/uploads\/2022\/03\/Bild-Weinprobe.jpeg?zoom=2&amp;resize=306%2C228&amp;ssl=1 612w, https:\/\/i0.wp.com\/schuetzenverein-kaltenweide.de\/wp-content\/uploads\/2022\/03\/Bild-Weinprobe.jpeg?zoom=3&amp;resize=306%2C228&amp;ssl=1 918w\" sizes=\"(max-width: 306px) 100vw, 306px\" \/><figcaption>Weinprobe mit der Familie Wallh\u00e4user<\/figcaption><\/figure>\n<\/div>\n\n\n<p>Diese Frage beantwortete Alexander Wallh\u00e4user vom gleichnamigen Winzerhof mit einer anschaulichen Pr\u00e4sentation den G\u00e4sten der Weinprobe im Sch\u00fctzenhaus Kaltenweide. Insgesamt 45 Personen hie\u00dfen die Winzer aus Mandel an der Nahe zum zweiten Mal herzlich willkommen \u2013 und es schmeckte erneut. Passend zu den neusten Weinsorten, die Belinda Wei\u00df pr\u00e4sentierte, erg\u00e4nzten die italienischen Speisen der Gastst\u00e4tte den Abend zu einer runden Sache. Es liegt also Nahe, dass bereits am selben Abend erneut \u00fcber eine Fortsetzung gesprochen wurde und Familie Wallh\u00e4user erneut nach Kaltenweide kommen wird.<\/p>\n","protected":false},"excerpt":{"rendered":"<p>Diese Frage beantwortete Alexander Wallh\u00e4user vom gleichnamigen Winzerhof mit einer anschaulichen Pr\u00e4sentation den G\u00e4sten der Weinprobe im Sch\u00fctzenhaus Kaltenweide. Insgesamt 45 Personen hie\u00dfen die Winzer aus Mandel an der Nahe zum zweiten Mal herzlich willkommen \u2013 und es schmeckte erneut. Passend zu den neusten Weinsorten, die Belinda Wei\u00df pr\u00e4sentierte, erg\u00e4nzten die italienischen Speisen der Gastst\u00e4tte <a href=\"https:\/\/www.schuetzenverein-kaltenweide.de\/?p=4529\" class=\"more-link\">...weiterlesen<span class=\"screen-reader-text\"> \"Wie l\u00e4uft ein Erntejahr im Weinbau eigentlich ab?\"<\/span><\/a><\/p>\n","protected":false},"author":4,"featured_media":0,"comment_status":"open","ping_status":"open","sticky":false,"template":"","format":"standard","meta":{"_jetpack_memberships_contains_paid_content":false,"footnotes":""},"categories":[1],"tags":[],"class_list":{"0":"post-4529","1":"post","2":"type-post","3":"status-publish","4":"format-standard","6":"category-uncategorized","7":"h-entry","8":"hentry","9":"h-as-article"},"jetpack_featured_media_url":"","jetpack_sharing_enabled":true,"_links":{"self":[{"href":"https:\/\/www.schuetzenverein-kaltenweide.de\/index.php?rest_route=\/wp\/v2\/posts\/4529","targetHints":{"allow":["GET"]}}],"collection":[{"href":"https:\/\/www.schuetzenverein-kaltenweide.de\/index.php?rest_route=\/wp\/v2\/posts"}],"about":[{"href":"https:\/\/www.schuetzenverein-kaltenweide.de\/index.php?rest_route=\/wp\/v2\/types\/post"}],"author":[{"embeddable":true,"href":"https:\/\/www.schuetzenverein-kaltenweide.de\/index.php?rest_route=\/wp\/v2\/users\/4"}],"replies":[{"embeddable":true,"href":"https:\/\/www.schuetzenverein-kaltenweide.de\/index.php?rest_route=%2Fwp%2Fv2%2Fcomments&post=4529"}],"version-history":[{"count":0,"href":"https:\/\/www.schuetzenverein-kaltenweide.de\/index.php?rest_route=\/wp\/v2\/posts\/4529\/revisions"}],"wp:attachment":[{"href":"https:\/\/www.schuetzenverein-kaltenweide.de\/index.php?rest_route=%2Fwp%2Fv2%2Fmedia&parent=4529"}],"wp:term":[{"taxonomy":"category","embeddable":true,"href":"https:\/\/www.schuetzenverein-kaltenweide.de\/index.php?rest_route=%2Fwp%2Fv2%2Fcategories&post=4529"},{"taxonomy":"post_tag","embeddable":true,"href":"https:\/\/www.schuetzenverein-kaltenweide.de\/index.php?rest_route=%2Fwp%2Fv2%2Ftags&post=4529"}],"curies":[{"name":"wp","href":"https:\/\/api.w.org\/{rel}","templated":true}]}}