{"id":4435,"date":"2022-02-27T19:19:29","date_gmt":"2022-02-27T19:19:29","guid":{"rendered":"https:\/\/schuetzenverein-kaltenweide.de\/?p=4435"},"modified":"2022-03-01T08:37:48","modified_gmt":"2022-03-01T08:37:48","slug":"weinprobe-2-0","status":"publish","type":"post","link":"https:\/\/www.schuetzenverein-kaltenweide.de\/?p=4435","title":{"rendered":"Weinprobe 2.0"},"content":{"rendered":"\n<div class=\"wp-block-image is-style-rounded\"><figure class=\"alignleft size-large is-resized\"><img data-recalc-dims=\"1\" decoding=\"async\" src=\"https:\/\/i0.wp.com\/schuetzenverein-kaltenweide.de\/wp-content\/uploads\/2020\/09\/MG_2054-Kopie.jpg?resize=172%2C212&#038;ssl=1\" alt=\"\" class=\"wp-image-3257\" width=\"172\" height=\"212\" srcset=\"https:\/\/i0.wp.com\/schuetzenverein-kaltenweide.de\/wp-content\/uploads\/2020\/09\/MG_2054-Kopie-scaled.jpg?resize=832%2C1024&amp;ssl=1 832w, https:\/\/i0.wp.com\/schuetzenverein-kaltenweide.de\/wp-content\/uploads\/2020\/09\/MG_2054-Kopie-scaled.jpg?resize=600%2C738&amp;ssl=1 600w, https:\/\/i0.wp.com\/schuetzenverein-kaltenweide.de\/wp-content\/uploads\/2020\/09\/MG_2054-Kopie-scaled.jpg?resize=244%2C300&amp;ssl=1 244w, https:\/\/i0.wp.com\/schuetzenverein-kaltenweide.de\/wp-content\/uploads\/2020\/09\/MG_2054-Kopie-scaled.jpg?resize=768%2C945&amp;ssl=1 768w, https:\/\/i0.wp.com\/schuetzenverein-kaltenweide.de\/wp-content\/uploads\/2020\/09\/MG_2054-Kopie-scaled.jpg?resize=1248%2C1536&amp;ssl=1 1248w, https:\/\/i0.wp.com\/schuetzenverein-kaltenweide.de\/wp-content\/uploads\/2020\/09\/MG_2054-Kopie-scaled.jpg?resize=1664%2C2048&amp;ssl=1 1664w, https:\/\/i0.wp.com\/schuetzenverein-kaltenweide.de\/wp-content\/uploads\/2020\/09\/MG_2054-Kopie-scaled.jpg?resize=960%2C1182&amp;ssl=1 960w, https:\/\/i0.wp.com\/schuetzenverein-kaltenweide.de\/wp-content\/uploads\/2020\/09\/MG_2054-Kopie-scaled.jpg?w=1875&amp;ssl=1 1875w\" sizes=\"(max-width: 172px) 100vw, 172px\" \/><\/figure><\/div>\n\n\n\n<p>Die Sch\u00fctzen and friends k\u00f6nnen sich erneut auf die Winzer-Familie Wallh\u00e4user vom gleichnamigen Winzerhof freuen. Nach der ersten erfolgreichen Weinprobe im Jahr 2020, folgt nun die zweite Auflage. Am Samstag, den 12.03.2022 pr\u00e4sentieren Alexander und Belinda Wallh\u00e4user im Sch\u00fctzenhaus Kaltenweide ihre erstklassigen Weine. Der Weinabend startet um 19 Uhr in der Gastst\u00e4tte. Bereits ab 17 Uhr kann \u00e1 la carte im Sch\u00fctzenhaus bestellt werden. Eine Anmeldung f\u00fcr Interessierte kann ab sofort gegen eine Anmeldegeb\u00fchr von 10\u20ac in der Gastst\u00e4tte des Sch\u00fctzenhauses erfolgen. Die Kontaktdaten finden Sie auf der Homepage <a href=\"http:\/\/www.schuetzenverein-kaltenweide.de\">www.schuetzenverein-kaltenweide.de<\/a>. Die aktuellen Corona-Bestimmungen gilt es zu beachten.<\/p>\n","protected":false},"excerpt":{"rendered":"<p>Die Sch\u00fctzen and friends k\u00f6nnen sich erneut auf die Winzer-Familie Wallh\u00e4user vom gleichnamigen Winzerhof freuen. Nach der ersten erfolgreichen Weinprobe im Jahr 2020, folgt nun die zweite Auflage. Am Samstag, den 12.03.2022 pr\u00e4sentieren Alexander und Belinda Wallh\u00e4user im Sch\u00fctzenhaus Kaltenweide ihre erstklassigen Weine. Der Weinabend startet um 19 Uhr in der Gastst\u00e4tte. Bereits ab 17 <a href=\"https:\/\/www.schuetzenverein-kaltenweide.de\/?p=4435\" class=\"more-link\">...weiterlesen<span class=\"screen-reader-text\"> \"Weinprobe 2.0\"<\/span><\/a><\/p>\n","protected":false},"author":4,"featured_media":0,"comment_status":"open","ping_status":"open","sticky":false,"template":"","format":"standard","meta":{"_jetpack_memberships_contains_paid_content":false,"footnotes":""},"categories":[1],"tags":[],"class_list":{"0":"post-4435","1":"post","2":"type-post","3":"status-publish","4":"format-standard","6":"category-uncategorized","7":"h-entry","8":"hentry","9":"h-as-article"},"jetpack_featured_media_url":"","jetpack_sharing_enabled":true,"_links":{"self":[{"href":"https:\/\/www.schuetzenverein-kaltenweide.de\/index.php?rest_route=\/wp\/v2\/posts\/4435","targetHints":{"allow":["GET"]}}],"collection":[{"href":"https:\/\/www.schuetzenverein-kaltenweide.de\/index.php?rest_route=\/wp\/v2\/posts"}],"about":[{"href":"https:\/\/www.schuetzenverein-kaltenweide.de\/index.php?rest_route=\/wp\/v2\/types\/post"}],"author":[{"embeddable":true,"href":"https:\/\/www.schuetzenverein-kaltenweide.de\/index.php?rest_route=\/wp\/v2\/users\/4"}],"replies":[{"embeddable":true,"href":"https:\/\/www.schuetzenverein-kaltenweide.de\/index.php?rest_route=%2Fwp%2Fv2%2Fcomments&post=4435"}],"version-history":[{"count":0,"href":"https:\/\/www.schuetzenverein-kaltenweide.de\/index.php?rest_route=\/wp\/v2\/posts\/4435\/revisions"}],"wp:attachment":[{"href":"https:\/\/www.schuetzenverein-kaltenweide.de\/index.php?rest_route=%2Fwp%2Fv2%2Fmedia&parent=4435"}],"wp:term":[{"taxonomy":"category","embeddable":true,"href":"https:\/\/www.schuetzenverein-kaltenweide.de\/index.php?rest_route=%2Fwp%2Fv2%2Fcategories&post=4435"},{"taxonomy":"post_tag","embeddable":true,"href":"https:\/\/www.schuetzenverein-kaltenweide.de\/index.php?rest_route=%2Fwp%2Fv2%2Ftags&post=4435"}],"curies":[{"name":"wp","href":"https:\/\/api.w.org\/{rel}","templated":true}]}}