{"id":4077,"date":"2021-12-13T14:01:36","date_gmt":"2021-12-13T14:01:36","guid":{"rendered":"https:\/\/schuetzenverein-kaltenweide.de\/?p=4077"},"modified":"2021-12-13T14:04:54","modified_gmt":"2021-12-13T14:04:54","slug":"trainingsbetrieb-wieder-unter-2g","status":"publish","type":"post","link":"https:\/\/www.schuetzenverein-kaltenweide.de\/?p=4077","title":{"rendered":"Schie\u00dfbetrieb wieder unter 2G"},"content":{"rendered":"\n<p>Nach der lfd. Nr. 8 der Verordnung zur \u00c4nderung der Nieders\u00e4chsischen Corona-Verordnung vom 11. Dezember 2021 ist der Trainingsbetrieb ohne zus\u00e4tzliche Testung wieder m\u00f6glich, wenn pro Teilnehmer 10qm zur Verf\u00fcgung stehen. <strong>Die Pflicht zum Tragen einer FFP2 Maske (ab 14 Jahren) bleibt bestehen. <\/strong><\/p>\n\n\n\n<figure class=\"wp-block-image size-full\"><img data-recalc-dims=\"1\" fetchpriority=\"high\" decoding=\"async\" width=\"625\" height=\"625\" src=\"https:\/\/i0.wp.com\/schuetzenverein-kaltenweide.de\/wp-content\/uploads\/2021\/12\/215675.png?resize=625%2C625&#038;ssl=1\" alt=\"\" class=\"wp-image-4078\" srcset=\"https:\/\/i0.wp.com\/schuetzenverein-kaltenweide.de\/wp-content\/uploads\/2021\/12\/215675.png?w=756&amp;ssl=1 756w, https:\/\/i0.wp.com\/schuetzenverein-kaltenweide.de\/wp-content\/uploads\/2021\/12\/215675.png?resize=300%2C300&amp;ssl=1 300w, https:\/\/i0.wp.com\/schuetzenverein-kaltenweide.de\/wp-content\/uploads\/2021\/12\/215675.png?resize=100%2C100&amp;ssl=1 100w, https:\/\/i0.wp.com\/schuetzenverein-kaltenweide.de\/wp-content\/uploads\/2021\/12\/215675.png?resize=600%2C600&amp;ssl=1 600w, https:\/\/i0.wp.com\/schuetzenverein-kaltenweide.de\/wp-content\/uploads\/2021\/12\/215675.png?resize=150%2C150&amp;ssl=1 150w\" sizes=\"(max-width: 625px) 100vw, 625px\" \/><\/figure>\n","protected":false},"excerpt":{"rendered":"<p>Nach der lfd. Nr. 8 der Verordnung zur \u00c4nderung der Nieders\u00e4chsischen Corona-Verordnung vom 11. Dezember 2021 ist der Trainingsbetrieb ohne zus\u00e4tzliche Testung wieder m\u00f6glich, wenn pro Teilnehmer 10qm zur Verf\u00fcgung stehen. Die Pflicht zum Tragen einer FFP2 Maske (ab 14 Jahren) bleibt bestehen.<\/p>\n","protected":false},"author":3,"featured_media":0,"comment_status":"open","ping_status":"open","sticky":false,"template":"","format":"standard","meta":{"_jetpack_memberships_contains_paid_content":false,"footnotes":""},"categories":[1],"tags":[],"class_list":{"0":"post-4077","1":"post","2":"type-post","3":"status-publish","4":"format-standard","6":"category-uncategorized","7":"h-entry","8":"hentry","9":"h-as-article"},"jetpack_featured_media_url":"","jetpack_sharing_enabled":true,"_links":{"self":[{"href":"https:\/\/www.schuetzenverein-kaltenweide.de\/index.php?rest_route=\/wp\/v2\/posts\/4077","targetHints":{"allow":["GET"]}}],"collection":[{"href":"https:\/\/www.schuetzenverein-kaltenweide.de\/index.php?rest_route=\/wp\/v2\/posts"}],"about":[{"href":"https:\/\/www.schuetzenverein-kaltenweide.de\/index.php?rest_route=\/wp\/v2\/types\/post"}],"author":[{"embeddable":true,"href":"https:\/\/www.schuetzenverein-kaltenweide.de\/index.php?rest_route=\/wp\/v2\/users\/3"}],"replies":[{"embeddable":true,"href":"https:\/\/www.schuetzenverein-kaltenweide.de\/index.php?rest_route=%2Fwp%2Fv2%2Fcomments&post=4077"}],"version-history":[{"count":0,"href":"https:\/\/www.schuetzenverein-kaltenweide.de\/index.php?rest_route=\/wp\/v2\/posts\/4077\/revisions"}],"wp:attachment":[{"href":"https:\/\/www.schuetzenverein-kaltenweide.de\/index.php?rest_route=%2Fwp%2Fv2%2Fmedia&parent=4077"}],"wp:term":[{"taxonomy":"category","embeddable":true,"href":"https:\/\/www.schuetzenverein-kaltenweide.de\/index.php?rest_route=%2Fwp%2Fv2%2Fcategories&post=4077"},{"taxonomy":"post_tag","embeddable":true,"href":"https:\/\/www.schuetzenverein-kaltenweide.de\/index.php?rest_route=%2Fwp%2Fv2%2Ftags&post=4077"}],"curies":[{"name":"wp","href":"https:\/\/api.w.org\/{rel}","templated":true}]}}