{"id":3756,"date":"2021-09-04T09:00:44","date_gmt":"2021-09-04T09:00:44","guid":{"rendered":"https:\/\/schuetzenverein-kaltenweide.de\/?p=3756"},"modified":"2021-09-04T09:01:17","modified_gmt":"2021-09-04T09:01:17","slug":"freudiger-empfang-der-neuen-paechter","status":"publish","type":"post","link":"https:\/\/www.schuetzenverein-kaltenweide.de\/?p=3756","title":{"rendered":"Freudiger Empfang der neuen P\u00e4chter"},"content":{"rendered":"<p><div id=\"metaslider-id-3759\" style=\"width: 100%; margin: 0 auto;\" class=\"ml-slider-3-108-0 metaslider metaslider-flex metaslider-3759 ml-slider has-dots-nav ms-theme-default\" role=\"region\" aria-label=\"P\u00e4chter\" data-height=\"1600\" data-width=\"2874\">\n    <div id=\"metaslider_container_3759\">\n        <div id=\"metaslider_3759\">\n            <ul class='slides'>\n                <li style=\"display: block; width: 100%;\" class=\"slide-3790 ms-image \" aria-roledescription=\"slide\" data-date=\"2021-09-04 09:00:16\" data-filename=\"IMG_4814-scaled-1920x1068.jpeg\" data-slide-type=\"image\"><img data-recalc-dims=\"1\" fetchpriority=\"high\" decoding=\"async\" src=\"https:\/\/i0.wp.com\/schuetzenverein-kaltenweide.de\/wp-content\/uploads\/2021\/09\/IMG_4814-scaled.jpeg?resize=625%2C348&#038;ssl=1\" height=\"348\" width=\"625\" alt=\"\" class=\"slider-3759 slide-3790 msDefaultImage\" title=\"IMG_4814\" \/><\/li>\n                <li style=\"display: none; width: 100%;\" class=\"slide-3791 ms-image \" aria-roledescription=\"slide\" data-date=\"2021-09-04 09:00:16\" data-filename=\"4-2048x1140.jpeg\" data-slide-type=\"image\"><img data-recalc-dims=\"1\" decoding=\"async\" src=\"https:\/\/i0.wp.com\/schuetzenverein-kaltenweide.de\/wp-content\/uploads\/2021\/09\/4.jpeg?resize=625%2C348&#038;ssl=1\" height=\"348\" width=\"625\" alt=\"\" class=\"slider-3759 slide-3791 msDefaultImage\" title=\"4\" \/><\/li>\n                <li style=\"display: none; width: 100%;\" class=\"slide-3792 ms-image \" aria-roledescription=\"slide\" data-date=\"2021-09-04 09:00:16\" data-filename=\"3-1200x668.jpeg\" data-slide-type=\"image\"><img data-recalc-dims=\"1\" decoding=\"async\" src=\"https:\/\/i0.wp.com\/schuetzenverein-kaltenweide.de\/wp-content\/uploads\/2021\/09\/3.jpeg?resize=625%2C348&#038;ssl=1\" height=\"348\" width=\"625\" alt=\"\" class=\"slider-3759 slide-3792 msDefaultImage\" title=\"3\" \/><\/li>\n                <li style=\"display: none; width: 100%;\" class=\"slide-3793 ms-image \" aria-roledescription=\"slide\" data-date=\"2021-09-04 09:00:16\" data-filename=\"2-1600x890.jpeg\" data-slide-type=\"image\"><img data-recalc-dims=\"1\" loading=\"lazy\" decoding=\"async\" src=\"https:\/\/i0.wp.com\/schuetzenverein-kaltenweide.de\/wp-content\/uploads\/2021\/09\/2.jpeg?resize=625%2C348&#038;ssl=1\" height=\"348\" width=\"625\" alt=\"\" class=\"slider-3759 slide-3793 msDefaultImage\" title=\"2\" \/><\/li>\n                <li style=\"display: none; width: 100%;\" class=\"slide-3794 ms-image \" aria-roledescription=\"slide\" data-date=\"2021-09-04 09:00:16\" data-filename=\"1-1368x761.jpeg\" data-slide-type=\"image\"><img data-recalc-dims=\"1\" loading=\"lazy\" decoding=\"async\" src=\"https:\/\/i0.wp.com\/schuetzenverein-kaltenweide.de\/wp-content\/uploads\/2021\/09\/1.jpeg?resize=625%2C348&#038;ssl=1\" height=\"348\" width=\"625\" alt=\"\" class=\"slider-3759 slide-3794 msDefaultImage\" title=\"1\" \/><\/li>\n            <\/ul>\n        <\/div>\n        \n    <\/div>\n<\/div>Nach der Sommerpause ist vor dem Start ins neue Gastst\u00e4tten-Leben. So zumindest f\u00fcr die Familien Sciacca und Rinaldo (besser bekannt als Alfio &amp; Salvo), die in der Gastst\u00e4tte des Sch\u00fctzenvereins Kaltenweide ihre insgesamt zweite Gastst\u00e4tte in Langenhagens Umgebung er\u00f6ffnen \u2013 ganz zur Freude des Sch\u00fctzenvereins. Die gro\u00dfe Er\u00f6ffnungsfeier veranstalteten die neuen P\u00e4chter direkt zu Beginn, am vergangenen Mittwoch, den 01.09.2021. Mit weit \u00fcber 150 Besucherinnen und Besucher war die Terrasse des Sch\u00fctzenhauses sehr gut gef\u00fcllt. Der Vereinsvorsitzende Axel Siebert begr\u00fc\u00dfte die Wirte mit warmen Worten in den Reihen des Vereins, w\u00e4hrend sein Stellvertreter J\u00f6rg Engel einen Pr\u00e4sentkorb \u00fcberreichte. S\u00e4mtliche G\u00e4ste wurden mit Getr\u00e4nken und Speisen vom Grill versorgt, was zus\u00e4tzlich f\u00fcr heitere Stimmung sorgte. So lie\u00df es sich auch Langenhagens B\u00fcrgermeister Mirko Heuer nicht nehmen, die neuen P\u00e4chter willkommen zu hei\u00dfen.<\/p>\n","protected":false},"excerpt":{"rendered":"<p>Nach der Sommerpause ist vor dem Start ins neue Gastst\u00e4tten-Leben. So zumindest f\u00fcr die Familien Sciacca und Rinaldo (besser bekannt als Alfio &amp; Salvo), die in der Gastst\u00e4tte des Sch\u00fctzenvereins Kaltenweide ihre insgesamt zweite Gastst\u00e4tte in Langenhagens Umgebung er\u00f6ffnen \u2013 ganz zur Freude des Sch\u00fctzenvereins. Die gro\u00dfe Er\u00f6ffnungsfeier veranstalteten die neuen P\u00e4chter direkt zu Beginn, <a href=\"https:\/\/www.schuetzenverein-kaltenweide.de\/?p=3756\" class=\"more-link\">...weiterlesen<span class=\"screen-reader-text\"> \"Freudiger Empfang der neuen P\u00e4chter\"<\/span><\/a><\/p>\n","protected":false},"author":4,"featured_media":0,"comment_status":"open","ping_status":"open","sticky":false,"template":"","format":"standard","meta":{"_jetpack_memberships_contains_paid_content":false,"footnotes":""},"categories":[1],"tags":[],"class_list":{"0":"post-3756","1":"post","2":"type-post","3":"status-publish","4":"format-standard","6":"category-uncategorized","7":"h-entry","8":"hentry","9":"h-as-article"},"jetpack_featured_media_url":"","jetpack_sharing_enabled":true,"_links":{"self":[{"href":"https:\/\/www.schuetzenverein-kaltenweide.de\/index.php?rest_route=\/wp\/v2\/posts\/3756","targetHints":{"allow":["GET"]}}],"collection":[{"href":"https:\/\/www.schuetzenverein-kaltenweide.de\/index.php?rest_route=\/wp\/v2\/posts"}],"about":[{"href":"https:\/\/www.schuetzenverein-kaltenweide.de\/index.php?rest_route=\/wp\/v2\/types\/post"}],"author":[{"embeddable":true,"href":"https:\/\/www.schuetzenverein-kaltenweide.de\/index.php?rest_route=\/wp\/v2\/users\/4"}],"replies":[{"embeddable":true,"href":"https:\/\/www.schuetzenverein-kaltenweide.de\/index.php?rest_route=%2Fwp%2Fv2%2Fcomments&post=3756"}],"version-history":[{"count":0,"href":"https:\/\/www.schuetzenverein-kaltenweide.de\/index.php?rest_route=\/wp\/v2\/posts\/3756\/revisions"}],"wp:attachment":[{"href":"https:\/\/www.schuetzenverein-kaltenweide.de\/index.php?rest_route=%2Fwp%2Fv2%2Fmedia&parent=3756"}],"wp:term":[{"taxonomy":"category","embeddable":true,"href":"https:\/\/www.schuetzenverein-kaltenweide.de\/index.php?rest_route=%2Fwp%2Fv2%2Fcategories&post=3756"},{"taxonomy":"post_tag","embeddable":true,"href":"https:\/\/www.schuetzenverein-kaltenweide.de\/index.php?rest_route=%2Fwp%2Fv2%2Ftags&post=3756"}],"curies":[{"name":"wp","href":"https:\/\/api.w.org\/{rel}","templated":true}]}}