{"id":3384,"date":"2020-12-18T14:32:39","date_gmt":"2020-12-18T14:32:39","guid":{"rendered":"https:\/\/schuetzenverein-kaltenweide.de\/?p=3384"},"modified":"2020-12-18T14:33:02","modified_gmt":"2020-12-18T14:33:02","slug":"neuer-wind-und-regenschutz-fuer-das-vordach-der-gaststaette","status":"publish","type":"post","link":"https:\/\/www.schuetzenverein-kaltenweide.de\/?p=3384","title":{"rendered":"Neuer Wind- und Regenschutz"},"content":{"rendered":"<p><a href=\"https:\/\/schuetzenverein-kaltenweide.de\/?attachment_id=3385\" rel=\"attachment wp-att-3385\"><img data-recalc-dims=\"1\" fetchpriority=\"high\" decoding=\"async\" class=\"alignnone size-large wp-image-3385\" src=\"https:\/\/i0.wp.com\/schuetzenverein-kaltenweide.de\/wp-content\/uploads\/2020\/12\/20201218_140110.jpg?resize=625%2C352&#038;ssl=1\" alt=\"\" width=\"625\" height=\"352\" srcset=\"https:\/\/i0.wp.com\/schuetzenverein-kaltenweide.de\/wp-content\/uploads\/2020\/12\/20201218_140110-scaled.jpg?resize=1024%2C576&amp;ssl=1 1024w, https:\/\/i0.wp.com\/schuetzenverein-kaltenweide.de\/wp-content\/uploads\/2020\/12\/20201218_140110-scaled.jpg?resize=600%2C338&amp;ssl=1 600w, https:\/\/i0.wp.com\/schuetzenverein-kaltenweide.de\/wp-content\/uploads\/2020\/12\/20201218_140110-scaled.jpg?resize=300%2C169&amp;ssl=1 300w, https:\/\/i0.wp.com\/schuetzenverein-kaltenweide.de\/wp-content\/uploads\/2020\/12\/20201218_140110-scaled.jpg?resize=768%2C432&amp;ssl=1 768w, https:\/\/i0.wp.com\/schuetzenverein-kaltenweide.de\/wp-content\/uploads\/2020\/12\/20201218_140110-scaled.jpg?resize=1536%2C864&amp;ssl=1 1536w, https:\/\/i0.wp.com\/schuetzenverein-kaltenweide.de\/wp-content\/uploads\/2020\/12\/20201218_140110-scaled.jpg?resize=2048%2C1152&amp;ssl=1 2048w, https:\/\/i0.wp.com\/schuetzenverein-kaltenweide.de\/wp-content\/uploads\/2020\/12\/20201218_140110-scaled.jpg?resize=960%2C540&amp;ssl=1 960w, https:\/\/i0.wp.com\/schuetzenverein-kaltenweide.de\/wp-content\/uploads\/2020\/12\/20201218_140110-scaled.jpg?w=1250&amp;ssl=1 1250w, https:\/\/i0.wp.com\/schuetzenverein-kaltenweide.de\/wp-content\/uploads\/2020\/12\/20201218_140110-scaled.jpg?w=1875&amp;ssl=1 1875w\" sizes=\"(max-width: 625px) 100vw, 625px\" \/><\/a>Um bereits heute und auch in Zukunft bestens f\u00fcr jedes Wetter ger\u00fcstet zu sein, hat das im vergangenen Jahr errichtete Vordach einen zus\u00e4tzlichen Schutz vor Wind- und Regen erhalten. Passend zum traditionellen Gr\u00fcn-Ton des Sch\u00fctzenvereins, ist die Neuanschaffung ein echter Blickfang. Vor allem die Gastst\u00e4tte kann nach Corona weitere Pl\u00e4tze im Freien anbieten und f\u00fcr mehr Gem\u00fctlichkeit bei Schlechtwetter sorgen. Auch im Hinblick auf kommende Ostereierschie\u00dfen sollte die Konstruktion weitere Vorteile bei der Platzausweitung bieten.<\/p>\n","protected":false},"excerpt":{"rendered":"<p>Um bereits heute und auch in Zukunft bestens f\u00fcr jedes Wetter ger\u00fcstet zu sein, hat das im vergangenen Jahr errichtete Vordach einen zus\u00e4tzlichen Schutz vor Wind- und Regen erhalten. Passend zum traditionellen Gr\u00fcn-Ton des Sch\u00fctzenvereins, ist die Neuanschaffung ein echter Blickfang. Vor allem die Gastst\u00e4tte kann nach Corona weitere Pl\u00e4tze im Freien anbieten und f\u00fcr <a href=\"https:\/\/www.schuetzenverein-kaltenweide.de\/?p=3384\" class=\"more-link\">...weiterlesen<span class=\"screen-reader-text\"> \"Neuer Wind- und Regenschutz\"<\/span><\/a><\/p>\n","protected":false},"author":4,"featured_media":0,"comment_status":"open","ping_status":"open","sticky":false,"template":"","format":"standard","meta":{"_jetpack_memberships_contains_paid_content":false,"footnotes":""},"categories":[1],"tags":[],"class_list":{"0":"post-3384","1":"post","2":"type-post","3":"status-publish","4":"format-standard","6":"category-uncategorized","7":"h-entry","8":"hentry","9":"h-as-article"},"jetpack_featured_media_url":"","jetpack_sharing_enabled":true,"_links":{"self":[{"href":"https:\/\/www.schuetzenverein-kaltenweide.de\/index.php?rest_route=\/wp\/v2\/posts\/3384","targetHints":{"allow":["GET"]}}],"collection":[{"href":"https:\/\/www.schuetzenverein-kaltenweide.de\/index.php?rest_route=\/wp\/v2\/posts"}],"about":[{"href":"https:\/\/www.schuetzenverein-kaltenweide.de\/index.php?rest_route=\/wp\/v2\/types\/post"}],"author":[{"embeddable":true,"href":"https:\/\/www.schuetzenverein-kaltenweide.de\/index.php?rest_route=\/wp\/v2\/users\/4"}],"replies":[{"embeddable":true,"href":"https:\/\/www.schuetzenverein-kaltenweide.de\/index.php?rest_route=%2Fwp%2Fv2%2Fcomments&post=3384"}],"version-history":[{"count":0,"href":"https:\/\/www.schuetzenverein-kaltenweide.de\/index.php?rest_route=\/wp\/v2\/posts\/3384\/revisions"}],"wp:attachment":[{"href":"https:\/\/www.schuetzenverein-kaltenweide.de\/index.php?rest_route=%2Fwp%2Fv2%2Fmedia&parent=3384"}],"wp:term":[{"taxonomy":"category","embeddable":true,"href":"https:\/\/www.schuetzenverein-kaltenweide.de\/index.php?rest_route=%2Fwp%2Fv2%2Fcategories&post=3384"},{"taxonomy":"post_tag","embeddable":true,"href":"https:\/\/www.schuetzenverein-kaltenweide.de\/index.php?rest_route=%2Fwp%2Fv2%2Ftags&post=3384"}],"curies":[{"name":"wp","href":"https:\/\/api.w.org\/{rel}","templated":true}]}}