{"id":3256,"date":"2020-09-01T10:01:13","date_gmt":"2020-09-01T10:01:13","guid":{"rendered":"https:\/\/schuetzenverein-kaltenweide.de\/?p=3256"},"modified":"2020-09-01T10:01:35","modified_gmt":"2020-09-01T10:01:35","slug":"die-pfalz-zu-gast-in-kaltenweide-weinprobe-bei-den-schuetzen","status":"publish","type":"post","link":"https:\/\/www.schuetzenverein-kaltenweide.de\/?p=3256","title":{"rendered":"Die Pfalz zu Gast in Kaltenweide &#8211; Weinprobe bei den Sch\u00fctzen"},"content":{"rendered":"<p><a href=\"https:\/\/schuetzenverein-kaltenweide.de\/?attachment_id=3257\" rel=\"attachment wp-att-3257\"><img data-recalc-dims=\"1\" fetchpriority=\"high\" decoding=\"async\" class=\"wp-image-3257 size-medium alignleft\" src=\"https:\/\/i0.wp.com\/www.schuetzenverein-kaltenweide.de\/wp-content\/uploads\/2020\/09\/MG_2054-Kopie-244x300.jpg?resize=244%2C300&#038;ssl=1\" alt=\"\" width=\"244\" height=\"300\" srcset=\"https:\/\/i0.wp.com\/schuetzenverein-kaltenweide.de\/wp-content\/uploads\/2020\/09\/MG_2054-Kopie-scaled.jpg?resize=244%2C300&amp;ssl=1 244w, https:\/\/i0.wp.com\/schuetzenverein-kaltenweide.de\/wp-content\/uploads\/2020\/09\/MG_2054-Kopie-scaled.jpg?resize=600%2C738&amp;ssl=1 600w, https:\/\/i0.wp.com\/schuetzenverein-kaltenweide.de\/wp-content\/uploads\/2020\/09\/MG_2054-Kopie-scaled.jpg?resize=832%2C1024&amp;ssl=1 832w, https:\/\/i0.wp.com\/schuetzenverein-kaltenweide.de\/wp-content\/uploads\/2020\/09\/MG_2054-Kopie-scaled.jpg?resize=768%2C945&amp;ssl=1 768w, https:\/\/i0.wp.com\/schuetzenverein-kaltenweide.de\/wp-content\/uploads\/2020\/09\/MG_2054-Kopie-scaled.jpg?resize=1248%2C1536&amp;ssl=1 1248w, https:\/\/i0.wp.com\/schuetzenverein-kaltenweide.de\/wp-content\/uploads\/2020\/09\/MG_2054-Kopie-scaled.jpg?resize=1664%2C2048&amp;ssl=1 1664w, https:\/\/i0.wp.com\/schuetzenverein-kaltenweide.de\/wp-content\/uploads\/2020\/09\/MG_2054-Kopie-scaled.jpg?resize=960%2C1182&amp;ssl=1 960w, https:\/\/i0.wp.com\/schuetzenverein-kaltenweide.de\/wp-content\/uploads\/2020\/09\/MG_2054-Kopie-scaled.jpg?w=1875&amp;ssl=1 1875w\" sizes=\"(max-width: 244px) 100vw, 244px\" \/><\/a><\/p>\n<p>Die Winzer-Familie Wallh\u00e4user vom gleichnamigen Winzerhof pr\u00e4sentiert am 12.09.2020 im Sch\u00fctzenhaus Kaltenweide ihre erstklassigen Weine. Ganz dem Motto der vergangenen Wochen, l\u00e4dt der Sch\u00fctzenverein neben den eigenen Mitgliedern, vor allem auch Freunde und Freundinnen ein, die <!--more-->gerne einen schmackhaften Wein von Alexander Wallh\u00e4user probieren m\u00f6chten oder generell Weinliebhaber sind. Zwischen roten bis wei\u00dfen Weinen oder Secco, das Angebot des Winzerhofs ist vielf\u00e4ltig. Am Abend des 12.09. startet die Veranstaltung um 19 Uhr mit musikalischer Begleitung. Bereits ab 17 Uhr kann \u00e1 la carte im Sch\u00fctzenhaus bestellt werden. Zu jedem Gericht gibt es ein Freigetr\u00e4nk. Die Anmeldung kann ab sofort f\u00fcr einen Unkostenbeitrag von 10\u20ac beim Wirtsehepaar Lehmann telefonisch (0511\/774202) oder unter den Hygiene-Bedingungen im Sch\u00fctzenhaus erfolgen. Die Kontaktdaten finden Sie auf der Homepage www.schuetzenverein-kaltenweide.de<\/p>\n","protected":false},"excerpt":{"rendered":"<p>Die Winzer-Familie Wallh\u00e4user vom gleichnamigen Winzerhof pr\u00e4sentiert am 12.09.2020 im Sch\u00fctzenhaus Kaltenweide ihre erstklassigen Weine. Ganz dem Motto der vergangenen Wochen, l\u00e4dt der Sch\u00fctzenverein neben den eigenen Mitgliedern, vor allem auch Freunde und Freundinnen ein, die<\/p>\n","protected":false},"author":4,"featured_media":0,"comment_status":"open","ping_status":"open","sticky":false,"template":"","format":"standard","meta":{"_jetpack_memberships_contains_paid_content":false,"footnotes":""},"categories":[1],"tags":[],"class_list":{"0":"post-3256","1":"post","2":"type-post","3":"status-publish","4":"format-standard","6":"category-uncategorized","7":"h-entry","8":"hentry","9":"h-as-article"},"jetpack_featured_media_url":"","jetpack_sharing_enabled":true,"_links":{"self":[{"href":"https:\/\/www.schuetzenverein-kaltenweide.de\/index.php?rest_route=\/wp\/v2\/posts\/3256","targetHints":{"allow":["GET"]}}],"collection":[{"href":"https:\/\/www.schuetzenverein-kaltenweide.de\/index.php?rest_route=\/wp\/v2\/posts"}],"about":[{"href":"https:\/\/www.schuetzenverein-kaltenweide.de\/index.php?rest_route=\/wp\/v2\/types\/post"}],"author":[{"embeddable":true,"href":"https:\/\/www.schuetzenverein-kaltenweide.de\/index.php?rest_route=\/wp\/v2\/users\/4"}],"replies":[{"embeddable":true,"href":"https:\/\/www.schuetzenverein-kaltenweide.de\/index.php?rest_route=%2Fwp%2Fv2%2Fcomments&post=3256"}],"version-history":[{"count":0,"href":"https:\/\/www.schuetzenverein-kaltenweide.de\/index.php?rest_route=\/wp\/v2\/posts\/3256\/revisions"}],"wp:attachment":[{"href":"https:\/\/www.schuetzenverein-kaltenweide.de\/index.php?rest_route=%2Fwp%2Fv2%2Fmedia&parent=3256"}],"wp:term":[{"taxonomy":"category","embeddable":true,"href":"https:\/\/www.schuetzenverein-kaltenweide.de\/index.php?rest_route=%2Fwp%2Fv2%2Fcategories&post=3256"},{"taxonomy":"post_tag","embeddable":true,"href":"https:\/\/www.schuetzenverein-kaltenweide.de\/index.php?rest_route=%2Fwp%2Fv2%2Ftags&post=3256"}],"curies":[{"name":"wp","href":"https:\/\/api.w.org\/{rel}","templated":true}]}}