{"id":3125,"date":"2020-04-18T19:49:06","date_gmt":"2020-04-18T19:49:06","guid":{"rendered":"http:\/\/schuetzenverein-kaltenweide.de\/?p=3125"},"modified":"2020-04-18T19:49:06","modified_gmt":"2020-04-18T19:49:06","slug":"informationen-zum-schuetzenfest-2020","status":"publish","type":"post","link":"https:\/\/www.schuetzenverein-kaltenweide.de\/?p=3125","title":{"rendered":"Informationen zum Sch\u00fctzenfest 2020"},"content":{"rendered":"<p>Liebe Mitglieder, liebe Unterst\u00fctzerInnen und Freunde des Sch\u00fctzenfests in Kaltenweide,<\/p>\n<p>schweren Herzens m\u00fcssen wir unser traditionelles Sch\u00fctzenfest an Pfingsten aufgrund der Entscheidungen rund um die Pandemie absagen.<\/p>\n<p>Wir hoffen sehr, dass die Freude auf das n\u00e4chste Sch\u00fctzenfest \u00fcberwiegt, auch wenn sicherlich viele entt\u00e4uscht sind. Wir jedenfalls machen das m\u00f6glichst Beste daraus und stecken all unsere Energie in die Vorbereitung des n\u00e4chsten Sch\u00fctzenfests.<\/p>\n<p>Euer Sch\u00fctzenverein Kaltenweide von 1903 e.V.<\/p>\n<p>&nbsp;<\/p>\n","protected":false},"excerpt":{"rendered":"<p>Liebe Mitglieder, liebe Unterst\u00fctzerInnen und Freunde des Sch\u00fctzenfests in Kaltenweide, schweren Herzens m\u00fcssen wir unser traditionelles Sch\u00fctzenfest an Pfingsten aufgrund der Entscheidungen rund um die Pandemie absagen. Wir hoffen sehr, dass die Freude auf das n\u00e4chste Sch\u00fctzenfest \u00fcberwiegt, auch wenn sicherlich viele entt\u00e4uscht sind. Wir jedenfalls machen das m\u00f6glichst Beste daraus und stecken all unsere <a href=\"https:\/\/www.schuetzenverein-kaltenweide.de\/?p=3125\" class=\"more-link\">...weiterlesen<span class=\"screen-reader-text\"> \"Informationen zum Sch\u00fctzenfest 2020\"<\/span><\/a><\/p>\n","protected":false},"author":4,"featured_media":0,"comment_status":"open","ping_status":"open","sticky":false,"template":"","format":"standard","meta":{"_jetpack_memberships_contains_paid_content":false,"footnotes":""},"categories":[1],"tags":[],"class_list":{"0":"post-3125","1":"post","2":"type-post","3":"status-publish","4":"format-standard","6":"category-uncategorized","7":"h-entry","8":"hentry","9":"h-as-article"},"jetpack_featured_media_url":"","jetpack_sharing_enabled":true,"_links":{"self":[{"href":"https:\/\/www.schuetzenverein-kaltenweide.de\/index.php?rest_route=\/wp\/v2\/posts\/3125","targetHints":{"allow":["GET"]}}],"collection":[{"href":"https:\/\/www.schuetzenverein-kaltenweide.de\/index.php?rest_route=\/wp\/v2\/posts"}],"about":[{"href":"https:\/\/www.schuetzenverein-kaltenweide.de\/index.php?rest_route=\/wp\/v2\/types\/post"}],"author":[{"embeddable":true,"href":"https:\/\/www.schuetzenverein-kaltenweide.de\/index.php?rest_route=\/wp\/v2\/users\/4"}],"replies":[{"embeddable":true,"href":"https:\/\/www.schuetzenverein-kaltenweide.de\/index.php?rest_route=%2Fwp%2Fv2%2Fcomments&post=3125"}],"version-history":[{"count":0,"href":"https:\/\/www.schuetzenverein-kaltenweide.de\/index.php?rest_route=\/wp\/v2\/posts\/3125\/revisions"}],"wp:attachment":[{"href":"https:\/\/www.schuetzenverein-kaltenweide.de\/index.php?rest_route=%2Fwp%2Fv2%2Fmedia&parent=3125"}],"wp:term":[{"taxonomy":"category","embeddable":true,"href":"https:\/\/www.schuetzenverein-kaltenweide.de\/index.php?rest_route=%2Fwp%2Fv2%2Fcategories&post=3125"},{"taxonomy":"post_tag","embeddable":true,"href":"https:\/\/www.schuetzenverein-kaltenweide.de\/index.php?rest_route=%2Fwp%2Fv2%2Ftags&post=3125"}],"curies":[{"name":"wp","href":"https:\/\/api.w.org\/{rel}","templated":true}]}}