{"id":3027,"date":"2020-02-22T09:01:56","date_gmt":"2020-02-22T09:01:56","guid":{"rendered":"http:\/\/schuetzenverein-kaltenweide.de\/?p=3027"},"modified":"2020-02-26T10:52:31","modified_gmt":"2020-02-26T10:52:31","slug":"wahlergebnisse-zur-jahreshauptversammlung","status":"publish","type":"post","link":"https:\/\/www.schuetzenverein-kaltenweide.de\/?p=3027","title":{"rendered":"Jahreshauptversammlung 2020"},"content":{"rendered":"<p><a href=\"https:\/\/schuetzenverein-kaltenweide.de\/?attachment_id=3039\" rel=\"attachment wp-att-3039\"><img data-recalc-dims=\"1\" fetchpriority=\"high\" decoding=\"async\" class=\"alignnone  wp-image-3039\" src=\"https:\/\/i0.wp.com\/schuetzenverein-kaltenweide.de\/wp-content\/uploads\/2020\/02\/IMG_20200222_000927.jpg?resize=574%2C431&#038;ssl=1\" alt=\"\" width=\"574\" height=\"431\" srcset=\"https:\/\/i0.wp.com\/schuetzenverein-kaltenweide.de\/wp-content\/uploads\/2020\/02\/IMG_20200222_000927-scaled.jpg?resize=1024%2C768&amp;ssl=1 1024w, https:\/\/i0.wp.com\/schuetzenverein-kaltenweide.de\/wp-content\/uploads\/2020\/02\/IMG_20200222_000927-scaled.jpg?resize=600%2C450&amp;ssl=1 600w, https:\/\/i0.wp.com\/schuetzenverein-kaltenweide.de\/wp-content\/uploads\/2020\/02\/IMG_20200222_000927-scaled.jpg?resize=300%2C225&amp;ssl=1 300w, https:\/\/i0.wp.com\/schuetzenverein-kaltenweide.de\/wp-content\/uploads\/2020\/02\/IMG_20200222_000927-scaled.jpg?resize=768%2C576&amp;ssl=1 768w, https:\/\/i0.wp.com\/schuetzenverein-kaltenweide.de\/wp-content\/uploads\/2020\/02\/IMG_20200222_000927-scaled.jpg?resize=1536%2C1152&amp;ssl=1 1536w, https:\/\/i0.wp.com\/schuetzenverein-kaltenweide.de\/wp-content\/uploads\/2020\/02\/IMG_20200222_000927-scaled.jpg?resize=2048%2C1536&amp;ssl=1 2048w, https:\/\/i0.wp.com\/schuetzenverein-kaltenweide.de\/wp-content\/uploads\/2020\/02\/IMG_20200222_000927-scaled.jpg?resize=960%2C720&amp;ssl=1 960w, https:\/\/i0.wp.com\/schuetzenverein-kaltenweide.de\/wp-content\/uploads\/2020\/02\/IMG_20200222_000927-scaled.jpg?w=1250&amp;ssl=1 1250w, https:\/\/i0.wp.com\/schuetzenverein-kaltenweide.de\/wp-content\/uploads\/2020\/02\/IMG_20200222_000927-scaled.jpg?w=1875&amp;ssl=1 1875w\" sizes=\"(max-width: 574px) 100vw, 574px\" \/><\/a><br \/>\nAm vergangenen Freitag standen auf der Jahreshauptversammlung besonders die Neuwahl wichtiger Vorstandsposten sowie weitere Planungen zum Neubauvorhaben im Fokus. Die Wichtigkeit der diesj\u00e4hrigen Versammlung<!--more--> wurde durch die 90 anwesenden Mitglieder untermauert, schlie\u00dflich standen unter anderem die \u00c4mter des 1. sowie 2. Vorsitzenden zur Wahl. Dementsprechend gespannt verfolgten die Mitglieder die Pr\u00e4sentation von Axel Siebert und J\u00f6rg Engel. Letzterer zeigte gleich zu Beginn ein Motivationsvideo der Kategorie Extraklasse, dass auf die Erfolge und Erlebnisse des letzten Jahres hinwies und deutlich machte, welche Ziele gemeinsam erreicht werden k\u00f6nnen und auch konnten. Beispielweise wies Engel neben der Freundschaft und dem engen Kontakt zur Feuerwehr Kaltenweide, auf die erfolgreiche Bon-Aktion mit dem Rewe-Markt der Familie Meczcurat oder dem Erfolg rund um das Neubauvorhaben hin. Lob gab es f\u00fcr die erfolgreiche Jugendabteilung, die Sportsch\u00fctzinnen und -sch\u00fctzen der Sparten Pistole und Gewehr. Ab August 2020 startet erstmals die Steeldart-Sparte in der 2. Stadtliga der Dartvereinigung Neustadt am Rbg. f\u00fcr den Sch\u00fctzenverein. Die offensichtlichen Errungenschaften und vielen Zuspr\u00fcche lie\u00dfen die Wahl der Vorstandsposten reibungslos ablaufen. Axel Siebert stellte sich als 1. Vorsitzender zur Wiederwahl und wurde, wie auch sein 2. Vorsitzender J\u00f6rg Engel, im Amt unter gro\u00dfem Jubel best\u00e4tigt. Matthias Naepel \u00fcbernimmt das Amt des Schatzmeisters, sodass der gesch\u00e4ftsf\u00fchrende Vorstand die weiterf\u00fchrenden Planungen zum Neubau fortsetzen kann. Zur Unterst\u00fctzung konnte Richard Friedrichs als \u201eNeubau-Schatzmeister\u201c gewonnen werden, der kostenbezogen das Bauvorhaben \u00fcberwachen wird. F\u00fcr ihre Verdienste in ihrer Vorstandst\u00e4tigkeit wurden die Mitglieder Maja Falkenberg-Schneider, J\u00fcrgen L\u00fcbke, Max Riedel und Jenny Rosanka geehrt.<\/p>\n<p>Die Wahlergebnisse der Jahreshauptversammlung vom 21.02.2020:<\/p>\n<p>1. Vorsitzender: <strong>Axel Siebert<\/strong> (wiedergew\u00e4hlt)<br \/>\n2. Vorsitzender: <strong>J\u00f6rg Engel<\/strong> (wiedergew\u00e4hlt)<br \/>\nSchatzmeister: <strong>Matthias Naepel<\/strong><br \/>\nSchie\u00dfsportleiter: <strong>Stefan Gl\u00e4ser<\/strong> (wiedergew\u00e4hlt)<br \/>\nstv. Schie\u00dfsportleiter: <strong>Uwe Burgm\u00fcller<\/strong><br \/>\nJugendleiter: <strong>Fabian Klatt<\/strong> (wiedergew\u00e4hlt)<br \/>\nDamenleiterin: <strong>Sabine Lehnhardt<\/strong><br \/>\nstv. Damenleiterin:<strong> Christina Wolkenhauer<\/strong><br \/>\nFestleiter: <strong>Lars K\u00e4hler<\/strong> (wiedergew\u00e4hlt)<br \/>\nFestleiter: <strong>Lars Baumgarte<\/strong> (wiedergew\u00e4hlt)<br \/>\nPressesprecher: <strong>Marco Panning<\/strong> (wiedergew\u00e4hlt)<br \/>\nBeisitzer: <strong>J\u00f6rg Baumgarte<\/strong> (wiedergew\u00e4hlt)<br \/>\nBeisitzer:<strong> Jan H\u00fclsmann<\/strong><br \/>\nFahnentr\u00e4ger: <strong>Daniel Hose<\/strong> (wiedergew\u00e4hlt)<br \/>\nFahnentr\u00e4ger: <strong>Christian Lange<\/strong> (wiedergew\u00e4hlt)<br \/>\nEhrenrat: <strong>Heinz Wolkenhauer<\/strong> (wiedergew\u00e4hlt)<br \/>\nEhrenrat: <strong>Heinrich Schielke<\/strong><br \/>\nEhrenrat: <strong>Dirk Trapp<\/strong> (wiedergew\u00e4hlt)<br \/>\nNeubauschatzmeister: <strong>Richard Friedrichs<\/strong><br \/>\nKassenpr\u00fcfer: <strong>Thomas Moeck<\/strong><\/p>\n","protected":false},"excerpt":{"rendered":"<p>Am vergangenen Freitag standen auf der Jahreshauptversammlung besonders die Neuwahl wichtiger Vorstandsposten sowie weitere Planungen zum Neubauvorhaben im Fokus. Die Wichtigkeit der diesj\u00e4hrigen Versammlung<\/p>\n","protected":false},"author":4,"featured_media":0,"comment_status":"open","ping_status":"open","sticky":false,"template":"","format":"standard","meta":{"_jetpack_memberships_contains_paid_content":false,"footnotes":""},"categories":[1],"tags":[],"class_list":{"0":"post-3027","1":"post","2":"type-post","3":"status-publish","4":"format-standard","6":"category-uncategorized","7":"h-entry","8":"hentry","9":"h-as-article"},"jetpack_featured_media_url":"","jetpack_sharing_enabled":true,"_links":{"self":[{"href":"https:\/\/www.schuetzenverein-kaltenweide.de\/index.php?rest_route=\/wp\/v2\/posts\/3027","targetHints":{"allow":["GET"]}}],"collection":[{"href":"https:\/\/www.schuetzenverein-kaltenweide.de\/index.php?rest_route=\/wp\/v2\/posts"}],"about":[{"href":"https:\/\/www.schuetzenverein-kaltenweide.de\/index.php?rest_route=\/wp\/v2\/types\/post"}],"author":[{"embeddable":true,"href":"https:\/\/www.schuetzenverein-kaltenweide.de\/index.php?rest_route=\/wp\/v2\/users\/4"}],"replies":[{"embeddable":true,"href":"https:\/\/www.schuetzenverein-kaltenweide.de\/index.php?rest_route=%2Fwp%2Fv2%2Fcomments&post=3027"}],"version-history":[{"count":0,"href":"https:\/\/www.schuetzenverein-kaltenweide.de\/index.php?rest_route=\/wp\/v2\/posts\/3027\/revisions"}],"wp:attachment":[{"href":"https:\/\/www.schuetzenverein-kaltenweide.de\/index.php?rest_route=%2Fwp%2Fv2%2Fmedia&parent=3027"}],"wp:term":[{"taxonomy":"category","embeddable":true,"href":"https:\/\/www.schuetzenverein-kaltenweide.de\/index.php?rest_route=%2Fwp%2Fv2%2Fcategories&post=3027"},{"taxonomy":"post_tag","embeddable":true,"href":"https:\/\/www.schuetzenverein-kaltenweide.de\/index.php?rest_route=%2Fwp%2Fv2%2Ftags&post=3027"}],"curies":[{"name":"wp","href":"https:\/\/api.w.org\/{rel}","templated":true}]}}