{"id":2728,"date":"2019-10-17T05:39:57","date_gmt":"2019-10-17T05:39:57","guid":{"rendered":"http:\/\/schuetzenverein-kaltenweide.de\/?p=2728"},"modified":"2019-10-17T05:39:57","modified_gmt":"2019-10-17T05:39:57","slug":"terminaenderung-winterkoenigsschiessen","status":"publish","type":"post","link":"https:\/\/www.schuetzenverein-kaltenweide.de\/?p=2728","title":{"rendered":"Termin\u00e4nderung: Winterk\u00f6nigsschie\u00dfen"},"content":{"rendered":"<p>Aufgrund von Termin\u00fcberschneidungen findet das Winterk\u00f6nigsschie\u00dfen am 10.11.2019 nicht in der Zeit von 11 bis 13 Uhr, <strong>sondern\u00a0<\/strong>16:15 bis 18:15 Uhr statt. Vielen Dank f\u00fcr euer Verst\u00e4ndnis und auf eine gute Beteiligung.<!--more--><\/p>\n<p>Euer Schie\u00dfsportleiter \u00a0 \u00a0 \u00a0 \u00a0 \u00a0 \u00a0 \u00a0 \u00a0 \u00a0 \u00a0 \u00a0 \u00a0 \u00a0 \u00a0 \u00a0 \u00a0 \u00a0 \u00a0 \u00a0 \u00a0 \u00a0 \u00a0 \u00a0 \u00a0 \u00a0 \u00a0 \u00a0 \u00a0 \u00a0 \u00a0 \u00a0 \u00a0 \u00a0 \u00a0 \u00a0 \u00a0 \u00a0 \u00a0 \u00a0 \u00a0 \u00a0 \u00a0 \u00a0 \u00a0 \u00a0 \u00a0 \u00a0 \u00a0 \u00a0\u00a0 Stefan Gl\u00e4ser<\/p>\n","protected":false},"excerpt":{"rendered":"<p>Aufgrund von Termin\u00fcberschneidungen findet das Winterk\u00f6nigsschie\u00dfen am 10.11.2019 nicht in der Zeit von 11 bis 13 Uhr, sondern\u00a016:15 bis 18:15 Uhr statt. Vielen Dank f\u00fcr euer Verst\u00e4ndnis und auf eine gute Beteiligung.<\/p>\n","protected":false},"author":4,"featured_media":0,"comment_status":"open","ping_status":"open","sticky":false,"template":"","format":"standard","meta":{"_jetpack_memberships_contains_paid_content":false,"footnotes":""},"categories":[1],"tags":[],"class_list":{"0":"post-2728","1":"post","2":"type-post","3":"status-publish","4":"format-standard","6":"category-uncategorized","7":"h-entry","8":"hentry","9":"h-as-article"},"jetpack_featured_media_url":"","jetpack_sharing_enabled":true,"_links":{"self":[{"href":"https:\/\/www.schuetzenverein-kaltenweide.de\/index.php?rest_route=\/wp\/v2\/posts\/2728","targetHints":{"allow":["GET"]}}],"collection":[{"href":"https:\/\/www.schuetzenverein-kaltenweide.de\/index.php?rest_route=\/wp\/v2\/posts"}],"about":[{"href":"https:\/\/www.schuetzenverein-kaltenweide.de\/index.php?rest_route=\/wp\/v2\/types\/post"}],"author":[{"embeddable":true,"href":"https:\/\/www.schuetzenverein-kaltenweide.de\/index.php?rest_route=\/wp\/v2\/users\/4"}],"replies":[{"embeddable":true,"href":"https:\/\/www.schuetzenverein-kaltenweide.de\/index.php?rest_route=%2Fwp%2Fv2%2Fcomments&post=2728"}],"version-history":[{"count":0,"href":"https:\/\/www.schuetzenverein-kaltenweide.de\/index.php?rest_route=\/wp\/v2\/posts\/2728\/revisions"}],"wp:attachment":[{"href":"https:\/\/www.schuetzenverein-kaltenweide.de\/index.php?rest_route=%2Fwp%2Fv2%2Fmedia&parent=2728"}],"wp:term":[{"taxonomy":"category","embeddable":true,"href":"https:\/\/www.schuetzenverein-kaltenweide.de\/index.php?rest_route=%2Fwp%2Fv2%2Fcategories&post=2728"},{"taxonomy":"post_tag","embeddable":true,"href":"https:\/\/www.schuetzenverein-kaltenweide.de\/index.php?rest_route=%2Fwp%2Fv2%2Ftags&post=2728"}],"curies":[{"name":"wp","href":"https:\/\/api.w.org\/{rel}","templated":true}]}}