{"id":2579,"date":"2019-07-29T08:23:28","date_gmt":"2019-07-29T08:23:28","guid":{"rendered":"http:\/\/schuetzenverein-kaltenweide.de\/?p=2579"},"modified":"2019-07-29T14:16:07","modified_gmt":"2019-07-29T14:16:07","slug":"einkaufsbons-sind-ab-dem-01-august-die-neuen-panini-sticker-in-kaltenweide","status":"publish","type":"post","link":"https:\/\/www.schuetzenverein-kaltenweide.de\/?p=2579","title":{"rendered":"Einkaufsbons sind ab dem 01.August die neuen Panini-Sticker in Kaltenweide"},"content":{"rendered":"<p><span style=\"color: #000000; font-family: Calibri;\"><a href=\"https:\/\/schuetzenverein-kaltenweide.de\/?attachment_id=2584\" rel=\"attachment wp-att-2584\"><img data-recalc-dims=\"1\" fetchpriority=\"high\" decoding=\"async\" class=\"alignnone size-large wp-image-2584\" src=\"https:\/\/i0.wp.com\/schuetzenverein-kaltenweide.de\/wp-content\/uploads\/2019\/07\/Tilo-Meczurat-und-Axel-Siebert.jpg?resize=625%2C414&#038;ssl=1\" alt=\"\" width=\"625\" height=\"414\" srcset=\"https:\/\/i0.wp.com\/schuetzenverein-kaltenweide.de\/wp-content\/uploads\/2019\/07\/Tilo-Meczurat-und-Axel-Siebert-scaled.jpg?resize=1024%2C678&amp;ssl=1 1024w, https:\/\/i0.wp.com\/schuetzenverein-kaltenweide.de\/wp-content\/uploads\/2019\/07\/Tilo-Meczurat-und-Axel-Siebert-scaled.jpg?resize=600%2C397&amp;ssl=1 600w, https:\/\/i0.wp.com\/schuetzenverein-kaltenweide.de\/wp-content\/uploads\/2019\/07\/Tilo-Meczurat-und-Axel-Siebert-scaled.jpg?resize=300%2C199&amp;ssl=1 300w, https:\/\/i0.wp.com\/schuetzenverein-kaltenweide.de\/wp-content\/uploads\/2019\/07\/Tilo-Meczurat-und-Axel-Siebert-scaled.jpg?resize=768%2C509&amp;ssl=1 768w, https:\/\/i0.wp.com\/schuetzenverein-kaltenweide.de\/wp-content\/uploads\/2019\/07\/Tilo-Meczurat-und-Axel-Siebert-scaled.jpg?resize=960%2C636&amp;ssl=1 960w, https:\/\/i0.wp.com\/schuetzenverein-kaltenweide.de\/wp-content\/uploads\/2019\/07\/Tilo-Meczurat-und-Axel-Siebert-scaled.jpg?w=1250&amp;ssl=1 1250w, https:\/\/i0.wp.com\/schuetzenverein-kaltenweide.de\/wp-content\/uploads\/2019\/07\/Tilo-Meczurat-und-Axel-Siebert-scaled.jpg?w=1875&amp;ssl=1 1875w\" sizes=\"(max-width: 625px) 100vw, 625px\" \/><\/a>REWE Familie Meczurat und Sch\u00fctzenverein Kaltenweide starten neue Sammelaktion zur Finanzierung des geplanten Schie\u00dfstand-Neubaus.<\/span><\/p>\n<p><span style=\"color: #000000; font-family: Calibri;\">REWE-Marktleiter Tilo Meczurat und Axel Siebert waren sichtlich erfreut, als Oliver Krebs vom <!--more--> Echo Langenhagen das Foto f\u00fcr die n\u00e4chste Echo-Ausgabe von Ihnen schoss.<\/span><\/p>\n<p><span style=\"color: #000000; font-family: Calibri;\">Allen Grund zur Freude gibt es eben f\u00fcr die Sch\u00fctzen und Sch\u00fctzinnen und alle hilfsbereiten B\u00fcrgerinnen und B\u00fcrger in Kaltenweide: <\/span><span style=\"color: #000000; font-family: Calibri;\">Sie haben in den kommenden 12 Monaten Zeit, Ihre Einkaufsbons im REWE Familie Meczurat in Kaltenweide an der Kasse abstempeln zu lassen und in das Sch\u00fctzenhaus Kaltenweide zu bringen. Dort wartet ein neu installierter Sammelkasten im Erdgeschoss, neben dem schwarzen Brett, der regelm\u00e4\u00dfig entleert wird. <\/span><\/p>\n<p><span style=\"color: #000000; font-family: Calibri;\">\u00a0<\/span><\/p>\n<p><span style=\"color: #000000; font-family: Calibri;\">Doch was ist der eigentliche Clou an der Aktion?<\/span><\/p>\n<p><span style=\"color: #000000; font-family: Calibri;\">Familie Meczurat hat sich bereit erkl\u00e4rt, 1,00 % der Gesamtsumme aller gesammelten Kassenzettel an den Sch\u00fctzenverein zu spenden. Das sollte Grund genug sein, ab dem 01.08.2019 beim regelm\u00e4\u00dfigen Einkaufen daran zu denken, den Bon abstempeln zu lassen und einzeln oder gesammelt in das Sch\u00fctzenhaus zu bringen.<\/span><\/p>\n<p><span style=\"color: #000000; font-family: Calibri;\">Der Sch\u00fctzenverein Kaltenweide freut sich sehr \u00fcber die M\u00f6glichkeit und bedankt sich herzlich bei der Familie Meczurat und unserem neuen Sch\u00fctzenbruder, Tilo Meczurat.<\/span><\/p>\n<p>&nbsp;<\/p>\n<p>Foto: Oliver Krebs, Echo Langenhagen (extra-Verlag)<\/p>\n","protected":false},"excerpt":{"rendered":"<p>REWE Familie Meczurat und Sch\u00fctzenverein Kaltenweide starten neue Sammelaktion zur Finanzierung des geplanten Schie\u00dfstand-Neubaus. REWE-Marktleiter Tilo Meczurat und Axel Siebert waren sichtlich erfreut, als Oliver Krebs vom<\/p>\n","protected":false},"author":4,"featured_media":0,"comment_status":"open","ping_status":"open","sticky":false,"template":"","format":"standard","meta":{"_jetpack_memberships_contains_paid_content":false,"footnotes":""},"categories":[1],"tags":[],"class_list":{"0":"post-2579","1":"post","2":"type-post","3":"status-publish","4":"format-standard","6":"category-uncategorized","7":"h-entry","8":"hentry","9":"h-as-article"},"jetpack_featured_media_url":"","jetpack_sharing_enabled":true,"_links":{"self":[{"href":"https:\/\/www.schuetzenverein-kaltenweide.de\/index.php?rest_route=\/wp\/v2\/posts\/2579","targetHints":{"allow":["GET"]}}],"collection":[{"href":"https:\/\/www.schuetzenverein-kaltenweide.de\/index.php?rest_route=\/wp\/v2\/posts"}],"about":[{"href":"https:\/\/www.schuetzenverein-kaltenweide.de\/index.php?rest_route=\/wp\/v2\/types\/post"}],"author":[{"embeddable":true,"href":"https:\/\/www.schuetzenverein-kaltenweide.de\/index.php?rest_route=\/wp\/v2\/users\/4"}],"replies":[{"embeddable":true,"href":"https:\/\/www.schuetzenverein-kaltenweide.de\/index.php?rest_route=%2Fwp%2Fv2%2Fcomments&post=2579"}],"version-history":[{"count":0,"href":"https:\/\/www.schuetzenverein-kaltenweide.de\/index.php?rest_route=\/wp\/v2\/posts\/2579\/revisions"}],"wp:attachment":[{"href":"https:\/\/www.schuetzenverein-kaltenweide.de\/index.php?rest_route=%2Fwp%2Fv2%2Fmedia&parent=2579"}],"wp:term":[{"taxonomy":"category","embeddable":true,"href":"https:\/\/www.schuetzenverein-kaltenweide.de\/index.php?rest_route=%2Fwp%2Fv2%2Fcategories&post=2579"},{"taxonomy":"post_tag","embeddable":true,"href":"https:\/\/www.schuetzenverein-kaltenweide.de\/index.php?rest_route=%2Fwp%2Fv2%2Ftags&post=2579"}],"curies":[{"name":"wp","href":"https:\/\/api.w.org\/{rel}","templated":true}]}}