{"id":255,"date":"2016-06-20T11:36:02","date_gmt":"2016-06-20T11:36:02","guid":{"rendered":"http:\/\/schuetzenverein-kaltenweide.de\/?p=255"},"modified":"2016-07-04T07:43:56","modified_gmt":"2016-07-04T07:43:56","slug":"neueste-informationen-des-vorstandes","status":"publish","type":"post","link":"https:\/\/www.schuetzenverein-kaltenweide.de\/?p=255","title":{"rendered":"Neueste Informationen f\u00fcr unsere Sch\u00fctzen\/innen"},"content":{"rendered":"<p>Liebe Sch\u00fctzenschwestern und Br\u00fcder,<\/p>\n<p>anbei ein paar Neuigkeiten und aktuelle Infos f\u00fcr die kommende Zeit.<\/p>\n<p>-------------------------------------------------------------------------------------<\/p>\n<p>Am Freitag dem 8. Juli ist unser Tag der Langenhagener auf dem Sch\u00fctzenfest in Hannover. Treffen hierzu ist wieder am Rondell in der Mitte des Platzes um 18 Uhr. Selbstverst\u00e4ndlich\u00a0in Uniform. Hierzu werden von unseren Br\u00fcdern 15 \u20ac und von unseren Schwestern 10 \u20ac von mir vor Ort eingesammelt, um die Musik und das Freibier im Anschluss zu bezahlen. Ich bitte um reges Erscheinen und\u00a0vielleicht k\u00f6nnen wir ja dieses Jahr einen neuen Rekord an Kaltenweider Sch\u00fctzen zu diesen beiden Terminen aufstellen.\u00a0 F\u00fcr unsere K\u00f6nige ist dies Pflichtprogramm.\u00a0 Fragen diesbez\u00fcglich gerne an den ersten Vorsitzenden.<\/p>\n<p>------------------------------------------------------------------------------------<\/p>\n<p>Die n\u00e4chste Vorstandssitzung wird im August sein, nach den Sommerferien. Falls es wichtige Sachen zu besprechen gibt, sprecht bitte den Gesch\u00e4ftsf\u00fchrenden Vorstand an. Wir w\u00fcnschen allen sch\u00f6ne Sommerferien und vor allem viel Sonne und weiterhin Gut Schuss.<\/p>\n<p>Zudem w\u00fcnschen wir allen Startern der Landesmeisterschaften viel Erfolg und viel Gl\u00fcck.<\/p>\n<p>N\u00e4chste Woche schicke ich Euch eine weitere Mail mit Infos zur Bayernfahrt und wir haben eine Einladung vom SV Schulenburg zu dessen Sch\u00fctzenfest bekommen.<\/p>\n<p>Mit freundlichen Gr\u00fc\u00dfen<\/p>\n<p>Jan Drewke<\/p>\n","protected":false},"excerpt":{"rendered":"<p>Liebe Sch\u00fctzenschwestern und Br\u00fcder, anbei ein paar Neuigkeiten und aktuelle Infos f\u00fcr die kommende Zeit. ------------------------------------------------------------------------------------- Am Freitag dem 8. Juli ist unser Tag der Langenhagener auf dem Sch\u00fctzenfest in Hannover. Treffen hierzu ist wieder am Rondell in der Mitte des Platzes um 18 Uhr. Selbstverst\u00e4ndlich\u00a0in Uniform. Hierzu werden von unseren Br\u00fcdern 15 \u20ac und <a href=\"https:\/\/www.schuetzenverein-kaltenweide.de\/?p=255\" class=\"more-link\">...weiterlesen<span class=\"screen-reader-text\"> \"Neueste Informationen f\u00fcr unsere Sch\u00fctzen\/innen\"<\/span><\/a><\/p>\n","protected":false},"author":1,"featured_media":0,"comment_status":"open","ping_status":"open","sticky":false,"template":"","format":"standard","meta":{"_jetpack_memberships_contains_paid_content":false,"footnotes":""},"categories":[1],"tags":[],"class_list":{"0":"post-255","1":"post","2":"type-post","3":"status-publish","4":"format-standard","6":"category-uncategorized","7":"h-entry","8":"hentry","9":"h-as-article"},"jetpack_featured_media_url":"","jetpack_sharing_enabled":true,"_links":{"self":[{"href":"https:\/\/www.schuetzenverein-kaltenweide.de\/index.php?rest_route=\/wp\/v2\/posts\/255","targetHints":{"allow":["GET"]}}],"collection":[{"href":"https:\/\/www.schuetzenverein-kaltenweide.de\/index.php?rest_route=\/wp\/v2\/posts"}],"about":[{"href":"https:\/\/www.schuetzenverein-kaltenweide.de\/index.php?rest_route=\/wp\/v2\/types\/post"}],"author":[{"embeddable":true,"href":"https:\/\/www.schuetzenverein-kaltenweide.de\/index.php?rest_route=\/wp\/v2\/users\/1"}],"replies":[{"embeddable":true,"href":"https:\/\/www.schuetzenverein-kaltenweide.de\/index.php?rest_route=%2Fwp%2Fv2%2Fcomments&post=255"}],"version-history":[{"count":0,"href":"https:\/\/www.schuetzenverein-kaltenweide.de\/index.php?rest_route=\/wp\/v2\/posts\/255\/revisions"}],"wp:attachment":[{"href":"https:\/\/www.schuetzenverein-kaltenweide.de\/index.php?rest_route=%2Fwp%2Fv2%2Fmedia&parent=255"}],"wp:term":[{"taxonomy":"category","embeddable":true,"href":"https:\/\/www.schuetzenverein-kaltenweide.de\/index.php?rest_route=%2Fwp%2Fv2%2Fcategories&post=255"},{"taxonomy":"post_tag","embeddable":true,"href":"https:\/\/www.schuetzenverein-kaltenweide.de\/index.php?rest_route=%2Fwp%2Fv2%2Ftags&post=255"}],"curies":[{"name":"wp","href":"https:\/\/api.w.org\/{rel}","templated":true}]}}