{"id":2398,"date":"2019-06-12T19:13:08","date_gmt":"2019-06-12T19:13:08","guid":{"rendered":"http:\/\/schuetzenverein-kaltenweide.de\/?p=2398"},"modified":"2019-06-19T20:07:09","modified_gmt":"2019-06-19T20:07:09","slug":"pressestimmen-zu-unserem-schuetzenfest-2019","status":"publish","type":"post","link":"https:\/\/www.schuetzenverein-kaltenweide.de\/?p=2398","title":{"rendered":"Pressestimmen zu unserem Sch\u00fctzenfest 2019"},"content":{"rendered":"<p>Hier findet ihr einige Pressestimmen zu unserem ereignisreichen Sch\u00fctzenfest 2019 und allen wichtigen Dingen rund um unseren Sch\u00fctzenverein, die wir euch nicht vorenthalten wollen:<\/p>\n<p><a href=\"https:\/\/www.haz.de\/Umland\/Langenhagen\/Kaltenweide-Das-Schuetzenfest-dauert-von-Freitag-bis-Pfingstmontag\" target=\"_blank\" rel=\"noopener noreferrer\">Der Bericht von Stephan Hartung (HAZ) vom 08.06.2019<\/a><\/p>\n<p><a href=\"http:\/\/epaper.extra-verlag.de\/#!page\/EXTRA_00410001\/LGHECHO20190608\/9214391\" target=\"_blank\" rel=\"noopener noreferrer\">Titelseite im Echo Langenhagen vom 08.06.2019<\/a><\/p>\n<p><a href=\"https:\/\/www.neuepresse.de\/Region\/Langenhagen\/Nachrichten\/Kaltenweide-Schuetzenfest-endet-mit-neuen-Ideen-fuer-die-Zukunft\" target=\"_blank\" rel=\"noopener noreferrer\">Zeitungsbericht der Neuen Presse vom 10.06.2019<\/a><\/p>\n<p><a href=\"https:\/\/www.extra-verlag.de\/langenhagen\/lokales\/schuetzen-gestalten-die-zukunft-d108716.html\" target=\"_blank\" rel=\"noopener noreferrer\">Oliver Krebs vom Echo Langenhagen berichtet am 11.06.2019 vom Sch\u00fctzenfest<\/a><\/p>\n<p><a href=\"https:\/\/www.haz.de\/Umland\/Langenhagen\/Langenhagen-Kaltenweide-Schuetzenfest-2019-am-Sonnabend\" target=\"_blank\" rel=\"noopener noreferrer\">Zeitungsartikel der Hannoverschen Allgemeinen Zeitung vom 12.06.2019<\/a><\/p>\n<p><iframe title=\"Sch\u00fctzenfest Kaltenweide 2019\" width=\"625\" height=\"352\" src=\"https:\/\/www.youtube.com\/embed\/Cevc4diYiqo?feature=oembed\" frameborder=\"0\" allow=\"accelerometer; autoplay; clipboard-write; encrypted-media; gyroscope; picture-in-picture; web-share\" referrerpolicy=\"strict-origin-when-cross-origin\" allowfullscreen><\/iframe><\/p>\n<p>P.S. Wir freuen uns bereits jetzt auf das kommende Sch\u00fctzenfest mit Euch und Ihnen!<\/p>\n","protected":false},"excerpt":{"rendered":"<p>Hier findet ihr einige Pressestimmen zu unserem ereignisreichen Sch\u00fctzenfest 2019 und allen wichtigen Dingen rund um unseren Sch\u00fctzenverein, die wir euch nicht vorenthalten wollen: Der Bericht von Stephan Hartung (HAZ) vom 08.06.2019 Titelseite im Echo Langenhagen vom 08.06.2019 Zeitungsbericht der Neuen Presse vom 10.06.2019 Oliver Krebs vom Echo Langenhagen berichtet am 11.06.2019 vom Sch\u00fctzenfest Zeitungsartikel <a href=\"https:\/\/www.schuetzenverein-kaltenweide.de\/?p=2398\" class=\"more-link\">...weiterlesen<span class=\"screen-reader-text\"> \"Pressestimmen zu unserem Sch\u00fctzenfest 2019\"<\/span><\/a><\/p>\n","protected":false},"author":4,"featured_media":0,"comment_status":"open","ping_status":"open","sticky":false,"template":"","format":"standard","meta":{"_jetpack_memberships_contains_paid_content":false,"footnotes":""},"categories":[1],"tags":[],"class_list":{"0":"post-2398","1":"post","2":"type-post","3":"status-publish","4":"format-standard","6":"category-uncategorized","7":"h-entry","8":"hentry","9":"h-as-article"},"jetpack_featured_media_url":"","jetpack_sharing_enabled":true,"_links":{"self":[{"href":"https:\/\/www.schuetzenverein-kaltenweide.de\/index.php?rest_route=\/wp\/v2\/posts\/2398","targetHints":{"allow":["GET"]}}],"collection":[{"href":"https:\/\/www.schuetzenverein-kaltenweide.de\/index.php?rest_route=\/wp\/v2\/posts"}],"about":[{"href":"https:\/\/www.schuetzenverein-kaltenweide.de\/index.php?rest_route=\/wp\/v2\/types\/post"}],"author":[{"embeddable":true,"href":"https:\/\/www.schuetzenverein-kaltenweide.de\/index.php?rest_route=\/wp\/v2\/users\/4"}],"replies":[{"embeddable":true,"href":"https:\/\/www.schuetzenverein-kaltenweide.de\/index.php?rest_route=%2Fwp%2Fv2%2Fcomments&post=2398"}],"version-history":[{"count":0,"href":"https:\/\/www.schuetzenverein-kaltenweide.de\/index.php?rest_route=\/wp\/v2\/posts\/2398\/revisions"}],"wp:attachment":[{"href":"https:\/\/www.schuetzenverein-kaltenweide.de\/index.php?rest_route=%2Fwp%2Fv2%2Fmedia&parent=2398"}],"wp:term":[{"taxonomy":"category","embeddable":true,"href":"https:\/\/www.schuetzenverein-kaltenweide.de\/index.php?rest_route=%2Fwp%2Fv2%2Fcategories&post=2398"},{"taxonomy":"post_tag","embeddable":true,"href":"https:\/\/www.schuetzenverein-kaltenweide.de\/index.php?rest_route=%2Fwp%2Fv2%2Ftags&post=2398"}],"curies":[{"name":"wp","href":"https:\/\/api.w.org\/{rel}","templated":true}]}}