{"id":2376,"date":"2019-06-02T20:11:27","date_gmt":"2019-06-02T20:11:27","guid":{"rendered":"http:\/\/schuetzenverein-kaltenweide.de\/?p=2376"},"modified":"2019-06-02T20:11:27","modified_gmt":"2019-06-02T20:11:27","slug":"vater-und-tochter-sind-die-neuen-majestaeten-in-kaltenweide","status":"publish","type":"post","link":"https:\/\/www.schuetzenverein-kaltenweide.de\/?p=2376","title":{"rendered":"Vater und Tochter sind die neuen Majest\u00e4ten in Kaltenweide"},"content":{"rendered":"<p><a href=\"https:\/\/i0.wp.com\/schuetzenverein-kaltenweide.de\/wp-content\/uploads\/2019\/06\/DSCN8480.jpg?ssl=1\"><img data-recalc-dims=\"1\" fetchpriority=\"high\" decoding=\"async\" class=\"alignnone size-full wp-image-2377\" src=\"https:\/\/i0.wp.com\/schuetzenverein-kaltenweide.de\/wp-content\/uploads\/2019\/06\/DSCN8480.jpg?resize=625%2C469&#038;ssl=1\" alt=\"\" width=\"625\" height=\"469\" \/><\/a>Der Sch\u00fctzenverein Kaltenweide konnte an Himmelfahrt erfolgreich die neuen W\u00fcrdentr\u00e4ger ermitteln. Vanessa Trage setzte sich mit einem tollen Ergebnis von 30 Ring gegen ihre Mitstreiterinnen um den Titel<!--more--><\/p>\n<p>\u201eK\u00f6nigin 2019\u201c durch. Ihr Vater, Max Riedel, tat es ihr gleich und bewies mit 29 Ring ausreichende Treffsicherheit f\u00fcr den Platz auf dem Thron. Sein Namensvetter Max Ohlendorf zeigte sein K\u00f6nnen im Kampf um die Jugendscheibe, wo er im Stechen als Sieger hervorging. Zu Ehren der neuen W\u00fcrdentr\u00e4ger veranstaltet der Sch\u00fctzenverein am Pfingstwochenende sein Sch\u00fctzenfest. Die Gemeinde-, Schluck-, und Jugendscheibe werden am Samstag, die Scheibe der K\u00f6nigin und des K\u00f6nigs am Sonntag aufgeh\u00e4ngt. Am Montag folgt dann das Katerfr\u00fchst\u00fcck mit anschlie\u00dfendem Festumzug. Der Sch\u00fctzenverein sowie die Gastvereine freuen sich auf viele Zuschauer entlang der Lindenstra\u00dfe, Clara-Schumann-Stra\u00dfe und Am Weiherfeld, ehe es \u00fcber die Kananoher Stra\u00dfe zur\u00fcck zum Sch\u00fctzenplatz geht.<\/p>\n<p>Erfolgreich waren in diesem Jahr zudem: Jannik Niemeier (Sch\u00fclerk\u00f6nig), Ralf See\u00dfelberg (Niedersachsen Ross), Barbara M\u00fcller (Schluckk\u00f6nigin), Fritz Schneider (Herrenh\u00e4user-K\u00f6nigs-Kette), Uwe Burgm\u00fcller (Senioren-Kette), Samantha Schuppan (Meister-Eder-Scheibe, Ohlendorf-Kette), Stefan Gl\u00e4ser (Pistolen-Kette), Diana Lippoldt (Re\u00dfmeyer-Kette), Steffen Peich (Ortsratpokal), Dirk Volmer (B\u00fcrgerk\u00f6nig), Sabine Lehnhardt (Adlerk\u00f6nigin), Dieter Wirth (Richard-Eggers-Kette), Wilfried Ohlendorf (Gemeinde-Kette), Philipp Niemeier (Gemeinde-Kette Jugend), Morten Hattendorf (Max-Riedel-Jugendpokal)<\/p>\n","protected":false},"excerpt":{"rendered":"<p>Der Sch\u00fctzenverein Kaltenweide konnte an Himmelfahrt erfolgreich die neuen W\u00fcrdentr\u00e4ger ermitteln. Vanessa Trage setzte sich mit einem tollen Ergebnis von 30 Ring gegen ihre Mitstreiterinnen um den Titel<\/p>\n","protected":false},"author":4,"featured_media":0,"comment_status":"open","ping_status":"open","sticky":false,"template":"","format":"standard","meta":{"_jetpack_memberships_contains_paid_content":false,"footnotes":""},"categories":[1],"tags":[],"class_list":{"0":"post-2376","1":"post","2":"type-post","3":"status-publish","4":"format-standard","6":"category-uncategorized","7":"h-entry","8":"hentry","9":"h-as-article"},"jetpack_featured_media_url":"","jetpack_sharing_enabled":true,"_links":{"self":[{"href":"https:\/\/www.schuetzenverein-kaltenweide.de\/index.php?rest_route=\/wp\/v2\/posts\/2376","targetHints":{"allow":["GET"]}}],"collection":[{"href":"https:\/\/www.schuetzenverein-kaltenweide.de\/index.php?rest_route=\/wp\/v2\/posts"}],"about":[{"href":"https:\/\/www.schuetzenverein-kaltenweide.de\/index.php?rest_route=\/wp\/v2\/types\/post"}],"author":[{"embeddable":true,"href":"https:\/\/www.schuetzenverein-kaltenweide.de\/index.php?rest_route=\/wp\/v2\/users\/4"}],"replies":[{"embeddable":true,"href":"https:\/\/www.schuetzenverein-kaltenweide.de\/index.php?rest_route=%2Fwp%2Fv2%2Fcomments&post=2376"}],"version-history":[{"count":0,"href":"https:\/\/www.schuetzenverein-kaltenweide.de\/index.php?rest_route=\/wp\/v2\/posts\/2376\/revisions"}],"wp:attachment":[{"href":"https:\/\/www.schuetzenverein-kaltenweide.de\/index.php?rest_route=%2Fwp%2Fv2%2Fmedia&parent=2376"}],"wp:term":[{"taxonomy":"category","embeddable":true,"href":"https:\/\/www.schuetzenverein-kaltenweide.de\/index.php?rest_route=%2Fwp%2Fv2%2Fcategories&post=2376"},{"taxonomy":"post_tag","embeddable":true,"href":"https:\/\/www.schuetzenverein-kaltenweide.de\/index.php?rest_route=%2Fwp%2Fv2%2Ftags&post=2376"}],"curies":[{"name":"wp","href":"https:\/\/api.w.org\/{rel}","templated":true}]}}