{"id":2365,"date":"2019-05-28T20:04:33","date_gmt":"2019-05-28T20:04:33","guid":{"rendered":"http:\/\/schuetzenverein-kaltenweide.de\/?p=2365"},"modified":"2019-05-28T20:04:33","modified_gmt":"2019-05-28T20:04:33","slug":"die-adlerdame-gehoert-sabine-lehnhardt","status":"publish","type":"post","link":"https:\/\/www.schuetzenverein-kaltenweide.de\/?p=2365","title":{"rendered":"Die Adlerdame geh\u00f6rt Sabine Lehnhardt"},"content":{"rendered":"<p><a href=\"https:\/\/i0.wp.com\/schuetzenverein-kaltenweide.de\/wp-content\/uploads\/2019\/05\/Adlerschie%C3%9Fen-2019.jpg?ssl=1\"><img data-recalc-dims=\"1\" fetchpriority=\"high\" decoding=\"async\" class=\"alignnone size-full wp-image-2371\" src=\"https:\/\/i0.wp.com\/schuetzenverein-kaltenweide.de\/wp-content\/uploads\/2019\/05\/Adlerschie%C3%9Fen-2019.jpg?resize=625%2C472&#038;ssl=1\" alt=\"\" width=\"625\" height=\"472\" \/><\/a><\/p>\n<p><span style=\"margin: 0px; font-family: 'Arial',sans-serif;\"><span style=\"color: #000000;\">Das diesj\u00e4hrige Adlerschie\u00dfen des Sch\u00fctzenvereins Kaltenweide brachte eine Neuheit zum Vorschein: <\/span><\/span><!--more--><\/p>\n<p><span style=\"margin: 0px; font-family: 'Arial',sans-serif;\"><span style=\"color: #000000;\">Der Adler, in diesem Jahr mit funkelnden<\/span><\/span><span style=\"margin: 0px; font-family: 'Arial',sans-serif;\"><span style=\"color: #000000;\"> Steinen auf der Krone, war ganz offensichtlich eine Adlerdame. Das hinderte Tobias Lehnhardt jedoch nicht daran, den entscheidenden Schuss auf eben jene Krone zu setzen und sich kurzer Hand und mit viel Ironie von allen Teilnehmenden zur Prinzessin kr\u00f6nen zu lassen. Letztlich war es aber seine Mutter Sabine, die ihr K\u00f6nnen und Gl\u00fcck zur richtigen Zeit vereinte und den alles entscheidenden Rumpf der Adlerdame von der Halterung schoss. Der Adlerpokal wird ihr w\u00e4hrend des Sch\u00fctzenfests in Kaltenweide (Pfingsten) verliehen. Im Verlauf des Wettstreits um die Adlerdame entpuppte sich der Schwanz des h\u00f6lzernen Tieres als hartn\u00e4ckigstes Teil. Es dauerte vier Durchg\u00e4nge bis Annette Klatt ihren Schuss optimal platzierte. Weiterhin waren erfolgreich: Max Ohlendorf (Ring), Stefan Gl\u00e4ser (Hals), Sina Rehwinkel (Zepter und rechte Kralle), Jessica Letmathe (linke Kralle), Annette Klatt (linke Schwinge und Schwanz), Stephan Niemeier (rechte Schwinge), Tobias Lehnhardt (Krone und Reichsapfel).<\/span><\/span><\/p>\n","protected":false},"excerpt":{"rendered":"<p>Das diesj\u00e4hrige Adlerschie\u00dfen des Sch\u00fctzenvereins Kaltenweide brachte eine Neuheit zum Vorschein:<\/p>\n","protected":false},"author":4,"featured_media":0,"comment_status":"open","ping_status":"open","sticky":false,"template":"","format":"standard","meta":{"_jetpack_memberships_contains_paid_content":false,"footnotes":""},"categories":[1],"tags":[],"class_list":{"0":"post-2365","1":"post","2":"type-post","3":"status-publish","4":"format-standard","6":"category-uncategorized","7":"h-entry","8":"hentry","9":"h-as-article"},"jetpack_featured_media_url":"","jetpack_sharing_enabled":true,"_links":{"self":[{"href":"https:\/\/www.schuetzenverein-kaltenweide.de\/index.php?rest_route=\/wp\/v2\/posts\/2365","targetHints":{"allow":["GET"]}}],"collection":[{"href":"https:\/\/www.schuetzenverein-kaltenweide.de\/index.php?rest_route=\/wp\/v2\/posts"}],"about":[{"href":"https:\/\/www.schuetzenverein-kaltenweide.de\/index.php?rest_route=\/wp\/v2\/types\/post"}],"author":[{"embeddable":true,"href":"https:\/\/www.schuetzenverein-kaltenweide.de\/index.php?rest_route=\/wp\/v2\/users\/4"}],"replies":[{"embeddable":true,"href":"https:\/\/www.schuetzenverein-kaltenweide.de\/index.php?rest_route=%2Fwp%2Fv2%2Fcomments&post=2365"}],"version-history":[{"count":0,"href":"https:\/\/www.schuetzenverein-kaltenweide.de\/index.php?rest_route=\/wp\/v2\/posts\/2365\/revisions"}],"wp:attachment":[{"href":"https:\/\/www.schuetzenverein-kaltenweide.de\/index.php?rest_route=%2Fwp%2Fv2%2Fmedia&parent=2365"}],"wp:term":[{"taxonomy":"category","embeddable":true,"href":"https:\/\/www.schuetzenverein-kaltenweide.de\/index.php?rest_route=%2Fwp%2Fv2%2Fcategories&post=2365"},{"taxonomy":"post_tag","embeddable":true,"href":"https:\/\/www.schuetzenverein-kaltenweide.de\/index.php?rest_route=%2Fwp%2Fv2%2Ftags&post=2365"}],"curies":[{"name":"wp","href":"https:\/\/api.w.org\/{rel}","templated":true}]}}