{"id":2243,"date":"2019-05-29T10:56:33","date_gmt":"2019-05-29T10:56:33","guid":{"rendered":"http:\/\/schuetzenverein-kaltenweide.de\/?p=2243"},"modified":"2019-06-11T14:27:41","modified_gmt":"2019-06-11T14:27:41","slug":"coming-soon-vorverkauf-der-schuetzenfest-eintrittsbaender","status":"publish","type":"post","link":"https:\/\/www.schuetzenverein-kaltenweide.de\/?p=2243","title":{"rendered":"Vorverkauf der Sch\u00fctzenfest-Eintrittsb\u00e4nder (4 Tage &#8211; 1 Preis)"},"content":{"rendered":"<p>Jetzt auch auf Facebook und Instagram - Sch\u00fctzenfest Kaltenweide:<\/p>\n<p><a href=\"https:\/\/www.instagram.com\/schuetzenfest_kaltenweide\/?hl=de\" target=\"_blank\" rel=\"noopener noreferrer\">https:\/\/www.instagram.com\/schuetzenfest_kaltenweide\/?hl=de<\/a><\/p>\n<p><a href=\"https:\/\/www.facebook.com\/schuetzenfestkaltenweide\/?rf=190093297706448\" target=\"_blank\" rel=\"noopener noreferrer\">https:\/\/www.facebook.com\/schuetzenfestkaltenweide\/?rf=190093297706448<\/a><\/p>\n<h3><span style=\"color: #ff0000;\">Und so sahen die spitzenm\u00e4\u00dfigen Eintrittsb\u00e4nder aus:<\/span><a href=\"https:\/\/i0.wp.com\/schuetzenverein-kaltenweide.de\/wp-content\/uploads\/2019\/04\/59498875_442941119612087_7686520583864975360_n.jpg?ssl=1\"><img data-recalc-dims=\"1\" fetchpriority=\"high\" decoding=\"async\" class=\"alignnone wp-image-2332\" src=\"https:\/\/i0.wp.com\/schuetzenverein-kaltenweide.de\/wp-content\/uploads\/2019\/04\/59498875_442941119612087_7686520583864975360_n.jpg?resize=299%2C199&#038;ssl=1\" alt=\"\" width=\"299\" height=\"199\" srcset=\"https:\/\/i0.wp.com\/schuetzenverein-kaltenweide.de\/wp-content\/uploads\/2019\/04\/59498875_442941119612087_7686520583864975360_n.jpg?w=960&amp;ssl=1 960w, https:\/\/i0.wp.com\/schuetzenverein-kaltenweide.de\/wp-content\/uploads\/2019\/04\/59498875_442941119612087_7686520583864975360_n.jpg?resize=600%2C400&amp;ssl=1 600w, https:\/\/i0.wp.com\/schuetzenverein-kaltenweide.de\/wp-content\/uploads\/2019\/04\/59498875_442941119612087_7686520583864975360_n.jpg?resize=300%2C200&amp;ssl=1 300w, https:\/\/i0.wp.com\/schuetzenverein-kaltenweide.de\/wp-content\/uploads\/2019\/04\/59498875_442941119612087_7686520583864975360_n.jpg?resize=768%2C512&amp;ssl=1 768w\" sizes=\"(max-width: 299px) 100vw, 299px\" \/><\/a> <a href=\"https:\/\/i0.wp.com\/schuetzenverein-kaltenweide.de\/wp-content\/uploads\/2019\/04\/59563224_442941126278753_5741468133323964416_n.jpg?ssl=1\"><img data-recalc-dims=\"1\" decoding=\"async\" class=\"alignnone wp-image-2333\" src=\"https:\/\/i0.wp.com\/schuetzenverein-kaltenweide.de\/wp-content\/uploads\/2019\/04\/59563224_442941126278753_5741468133323964416_n.jpg?resize=294%2C196&#038;ssl=1\" alt=\"\" width=\"294\" height=\"196\" srcset=\"https:\/\/i0.wp.com\/schuetzenverein-kaltenweide.de\/wp-content\/uploads\/2019\/04\/59563224_442941126278753_5741468133323964416_n.jpg?w=960&amp;ssl=1 960w, https:\/\/i0.wp.com\/schuetzenverein-kaltenweide.de\/wp-content\/uploads\/2019\/04\/59563224_442941126278753_5741468133323964416_n.jpg?resize=600%2C400&amp;ssl=1 600w, https:\/\/i0.wp.com\/schuetzenverein-kaltenweide.de\/wp-content\/uploads\/2019\/04\/59563224_442941126278753_5741468133323964416_n.jpg?resize=300%2C200&amp;ssl=1 300w, https:\/\/i0.wp.com\/schuetzenverein-kaltenweide.de\/wp-content\/uploads\/2019\/04\/59563224_442941126278753_5741468133323964416_n.jpg?resize=768%2C512&amp;ssl=1 768w\" sizes=\"(max-width: 294px) 100vw, 294px\" \/><\/a><\/h3>\n","protected":false},"excerpt":{"rendered":"<p>Jetzt auch auf Facebook und Instagram - Sch\u00fctzenfest Kaltenweide: https:\/\/www.instagram.com\/schuetzenfest_kaltenweide\/?hl=de https:\/\/www.facebook.com\/schuetzenfestkaltenweide\/?rf=190093297706448 Und so sahen die spitzenm\u00e4\u00dfigen Eintrittsb\u00e4nder aus:<\/p>\n","protected":false},"author":4,"featured_media":0,"comment_status":"open","ping_status":"open","sticky":false,"template":"","format":"standard","meta":{"_jetpack_memberships_contains_paid_content":false,"footnotes":""},"categories":[1],"tags":[],"class_list":{"0":"post-2243","1":"post","2":"type-post","3":"status-publish","4":"format-standard","6":"category-uncategorized","7":"h-entry","8":"hentry","9":"h-as-article"},"jetpack_featured_media_url":"","jetpack_sharing_enabled":true,"_links":{"self":[{"href":"https:\/\/www.schuetzenverein-kaltenweide.de\/index.php?rest_route=\/wp\/v2\/posts\/2243","targetHints":{"allow":["GET"]}}],"collection":[{"href":"https:\/\/www.schuetzenverein-kaltenweide.de\/index.php?rest_route=\/wp\/v2\/posts"}],"about":[{"href":"https:\/\/www.schuetzenverein-kaltenweide.de\/index.php?rest_route=\/wp\/v2\/types\/post"}],"author":[{"embeddable":true,"href":"https:\/\/www.schuetzenverein-kaltenweide.de\/index.php?rest_route=\/wp\/v2\/users\/4"}],"replies":[{"embeddable":true,"href":"https:\/\/www.schuetzenverein-kaltenweide.de\/index.php?rest_route=%2Fwp%2Fv2%2Fcomments&post=2243"}],"version-history":[{"count":0,"href":"https:\/\/www.schuetzenverein-kaltenweide.de\/index.php?rest_route=\/wp\/v2\/posts\/2243\/revisions"}],"wp:attachment":[{"href":"https:\/\/www.schuetzenverein-kaltenweide.de\/index.php?rest_route=%2Fwp%2Fv2%2Fmedia&parent=2243"}],"wp:term":[{"taxonomy":"category","embeddable":true,"href":"https:\/\/www.schuetzenverein-kaltenweide.de\/index.php?rest_route=%2Fwp%2Fv2%2Fcategories&post=2243"},{"taxonomy":"post_tag","embeddable":true,"href":"https:\/\/www.schuetzenverein-kaltenweide.de\/index.php?rest_route=%2Fwp%2Fv2%2Ftags&post=2243"}],"curies":[{"name":"wp","href":"https:\/\/api.w.org\/{rel}","templated":true}]}}