{"id":2109,"date":"2019-03-10T20:27:55","date_gmt":"2019-03-10T20:27:55","guid":{"rendered":"http:\/\/schuetzenverein-kaltenweide.de\/?p=2109"},"modified":"2019-03-15T17:41:34","modified_gmt":"2019-03-15T17:41:34","slug":"elektrisierendes-wissen-die-jungen-alten-gehen-in-die-sommerpause","status":"publish","type":"post","link":"https:\/\/www.schuetzenverein-kaltenweide.de\/?p=2109","title":{"rendered":"Elektrisierendes Wissen &#8211; Die jungen Alten gehen in die Sommerpause"},"content":{"rendered":"<p><img data-recalc-dims=\"1\" fetchpriority=\"high\" decoding=\"async\" class=\"alignnone wp-image-2108 size-full\" title=\"Foto: Jonas Kretschmann\" src=\"https:\/\/i0.wp.com\/schuetzenverein-kaltenweide.de\/wp-content\/uploads\/2019\/03\/4E92D240-CA2C-4CEF-8CBC-991F17EACB1E-e1552249609615.jpeg?resize=625%2C417&#038;ssl=1\" alt=\"\" width=\"625\" height=\"417\" \/>Die jungen Alten des Sch\u00fctzenvereins Kaltenweide konnten zu Ihrer zweiten Veranstaltung Herrn Warnke von der Avacon AG gewinnen, der mit einem interessanten Vortrag zum Thema Elektromobilit\u00e4t nach Kaltenweide kam. Neben aktuellen Daten zu Ladestationen und Reichweiten von E-Autos, berichtete Warnke auch \u00fcber die wechselnden Anspr\u00fcche und Vorstellungen unserer Gesellschaft<!--more--> an die moderne Branche. Die h\u00e4ufig noch sehr begrenzten Reichweiten sowie die Preisunterschiede zu Fahrzeugen mit fossilen Brennstoffen, sind nur zwei Punkte, die den Kauf von Elektrofahrzeugen wesentlich beeinflussen w\u00fcrden. Zudem seien auch die Ladezeiten an daf\u00fcr vorgesehenen Ladestationen h\u00e4ufig zeitintensiv. Hier w\u00fcrde inzwischen mit sogenannten \u201eSchnellladestationen\u201c f\u00fcr kurzzeitige Ladezyklen gesorgt. Die sogenannten \"Wallboxen\" mit ca. 22 kW Ladeleistung, stellten eine regelm\u00e4\u00dfig nachgefragte <span style=\"display: inline !important; float: none; background-color: transparent; color: #222222; font-family: 'Open Sans',Verdana,Geneva,'DejaVu Sans',sans-serif; font-size: 16px; font-style: normal; font-variant: normal; font-weight: 400; letter-spacing: normal; orphans: 2; text-align: left; text-decoration: none; text-indent: 0px; text-transform: none; -webkit-text-stroke-width: 0px; white-space: normal; word-spacing: 0px;\">Alternative <\/span>f\u00fcr Eigenheime dar. Unterschiede g\u00e4be es hier vor allem in der Preisklasse: die Anschaffungskosten f\u00fcr Eigenheime starten bei 600 \u20ac, die Schnellladestationen auf \u00f6ffentlichen Parkpl\u00e4tzen k\u00f6nnen bis zu 29.000 \u20ac kosten. Das 30-k\u00f6pfige Publikum war besonders bei der Frage, wann ein Elektroauto gegen\u00fcber einem Auto mit Verbrennungsmotor klimaneutral werde, interessiert. Im Vergleich soll die CO<sub>2<\/sub>-Bilanz des Elektrofahrzeugs nach ca. 60.000 km neutral werden. Die jungen Alten des Sch\u00fctzenvereins Kaltenweide nutzen die Sommerpause f\u00fcr neue Vortr\u00e4ge und Ideen und werden ab Oktober mit neuem Input und Veranstaltungen zur\u00fcck sein, u.a. mit Themen wie die Masurische Seenplatte, Landwirtschaft in S\u00fcdamerika oder Russland, Ostpreu\u00dfen damals wie heute.<\/p>\n<p>Foto: <a href=\"https:\/\/www.jonkay-photography.de\/\" target=\"_blank\" rel=\"noopener noreferrer\">Jonas Kretschmann<\/a><\/p>\n","protected":false},"excerpt":{"rendered":"<p>Die jungen Alten des Sch\u00fctzenvereins Kaltenweide konnten zu Ihrer zweiten Veranstaltung Herrn Warnke von der Avacon AG gewinnen, der mit einem interessanten Vortrag zum Thema Elektromobilit\u00e4t nach Kaltenweide kam. Neben aktuellen Daten zu Ladestationen und Reichweiten von E-Autos, berichtete Warnke auch \u00fcber die wechselnden Anspr\u00fcche und Vorstellungen unserer Gesellschaft<\/p>\n","protected":false},"author":4,"featured_media":0,"comment_status":"open","ping_status":"open","sticky":false,"template":"","format":"standard","meta":{"_jetpack_memberships_contains_paid_content":false,"footnotes":""},"categories":[1],"tags":[],"class_list":{"0":"post-2109","1":"post","2":"type-post","3":"status-publish","4":"format-standard","6":"category-uncategorized","7":"h-entry","8":"hentry","9":"h-as-article"},"jetpack_featured_media_url":"","jetpack_sharing_enabled":true,"_links":{"self":[{"href":"https:\/\/www.schuetzenverein-kaltenweide.de\/index.php?rest_route=\/wp\/v2\/posts\/2109","targetHints":{"allow":["GET"]}}],"collection":[{"href":"https:\/\/www.schuetzenverein-kaltenweide.de\/index.php?rest_route=\/wp\/v2\/posts"}],"about":[{"href":"https:\/\/www.schuetzenverein-kaltenweide.de\/index.php?rest_route=\/wp\/v2\/types\/post"}],"author":[{"embeddable":true,"href":"https:\/\/www.schuetzenverein-kaltenweide.de\/index.php?rest_route=\/wp\/v2\/users\/4"}],"replies":[{"embeddable":true,"href":"https:\/\/www.schuetzenverein-kaltenweide.de\/index.php?rest_route=%2Fwp%2Fv2%2Fcomments&post=2109"}],"version-history":[{"count":0,"href":"https:\/\/www.schuetzenverein-kaltenweide.de\/index.php?rest_route=\/wp\/v2\/posts\/2109\/revisions"}],"wp:attachment":[{"href":"https:\/\/www.schuetzenverein-kaltenweide.de\/index.php?rest_route=%2Fwp%2Fv2%2Fmedia&parent=2109"}],"wp:term":[{"taxonomy":"category","embeddable":true,"href":"https:\/\/www.schuetzenverein-kaltenweide.de\/index.php?rest_route=%2Fwp%2Fv2%2Fcategories&post=2109"},{"taxonomy":"post_tag","embeddable":true,"href":"https:\/\/www.schuetzenverein-kaltenweide.de\/index.php?rest_route=%2Fwp%2Fv2%2Ftags&post=2109"}],"curies":[{"name":"wp","href":"https:\/\/api.w.org\/{rel}","templated":true}]}}