{"id":2088,"date":"2019-02-27T07:33:19","date_gmt":"2019-02-27T07:33:19","guid":{"rendered":"http:\/\/schuetzenverein-kaltenweide.de\/?p=2088"},"modified":"2019-02-27T07:33:51","modified_gmt":"2019-02-27T07:33:51","slug":"den-aelteren-mitgliedern-etwas-zurueckgeben","status":"publish","type":"post","link":"https:\/\/www.schuetzenverein-kaltenweide.de\/?p=2088","title":{"rendered":"Den \u00e4lteren Mitgliedern etwas zur\u00fcckgeben"},"content":{"rendered":"<p><span style=\"color: #000000; font-family: Calibri;\"><img data-recalc-dims=\"1\" fetchpriority=\"high\" decoding=\"async\" class=\"alignnone size-full wp-image-2091\" src=\"https:\/\/i0.wp.com\/schuetzenverein-kaltenweide.de\/wp-content\/uploads\/2019\/02\/4d33cfd4-6a73-49cd-8506-4d61265bd88b989.jpg?resize=625%2C449&#038;ssl=1\" alt=\"\" width=\"625\" height=\"449\" srcset=\"https:\/\/i0.wp.com\/schuetzenverein-kaltenweide.de\/wp-content\/uploads\/2019\/02\/4d33cfd4-6a73-49cd-8506-4d61265bd88b989.jpg?w=1243&amp;ssl=1 1243w, https:\/\/i0.wp.com\/schuetzenverein-kaltenweide.de\/wp-content\/uploads\/2019\/02\/4d33cfd4-6a73-49cd-8506-4d61265bd88b989.jpg?resize=600%2C431&amp;ssl=1 600w, https:\/\/i0.wp.com\/schuetzenverein-kaltenweide.de\/wp-content\/uploads\/2019\/02\/4d33cfd4-6a73-49cd-8506-4d61265bd88b989.jpg?resize=300%2C216&amp;ssl=1 300w, https:\/\/i0.wp.com\/schuetzenverein-kaltenweide.de\/wp-content\/uploads\/2019\/02\/4d33cfd4-6a73-49cd-8506-4d61265bd88b989.jpg?resize=768%2C552&amp;ssl=1 768w, https:\/\/i0.wp.com\/schuetzenverein-kaltenweide.de\/wp-content\/uploads\/2019\/02\/4d33cfd4-6a73-49cd-8506-4d61265bd88b989.jpg?resize=1024%2C736&amp;ssl=1 1024w, https:\/\/i0.wp.com\/schuetzenverein-kaltenweide.de\/wp-content\/uploads\/2019\/02\/4d33cfd4-6a73-49cd-8506-4d61265bd88b989.jpg?resize=960%2C690&amp;ssl=1 960w\" sizes=\"(max-width: 625px) 100vw, 625px\" \/>Dieser Idee lie\u00dfen der 1. und 2. Vorsitzende des Sch\u00fctzenvereins Kaltenweide, Axel Siebert und J\u00f6rg Engel, Taten folgen. Ab sofort sinkt der Beitrag automatisch f\u00fcr \u00e4ltere Mitglieder mit einer langj\u00e4hrigen Mitgliedschaft sp\u00fcrbar, um unter anderem Anerkennung f\u00fcr die vergangenen Mitgliedsjahre auszudr\u00fccken. Dieses Vorhaben beschlossen die Mitglieder des Sch\u00fctzenvereins am vergangenen Freitag auf der Jahreshauptversammlung im Sch\u00fctzenhaus Kaltenweide einstimmig. <\/span><!--more--><\/p>\n<p><span style=\"color: #000000; font-family: Calibri;\">Mit einer anschaulichen Pr\u00e4sentation leitete Siebert die Versammlung und f\u00fchrte w\u00e4hrenddessen zu dem Thema: Probebetrieb \u201eDart\u201c. Ab sofort ist es m\u00f6glich, auf drei Dart-Scheiben im Sch\u00fctzenhaus Kaltenweide Pfeile gekonnt zu platzieren. Besondere Aufmerksamkeit galt dem Stichwort Neubau, zu dem es bereits in der Vergangenheit einige planerische Prozesse im Hintergrund gab und die sogenannte \u201eBauprojekt- Gruppe\u201c ins Leben gerufen wurde. Hier gilt, f\u00fcr das kommende Jahr besonders viel Kraft und Zeit zu investieren, um einen Neubau des Schie\u00dfstands und damit verbundenen Vergr\u00f6\u00dferung des Sch\u00fctzenhauses voranzubringen \u2013 aktuell befindet man sich hierzu in der Erstellung von Raum- und Nutzungskonzepten. <\/span><\/p>\n<p><span style=\"color: #000000; font-family: Calibri;\">Zur Erreichung dieses gro\u00dfen Ziels war es auf der Jahreshauptversammlung unerl\u00e4sslich, die turnusm\u00e4\u00dfig ausscheidenden Posten neu- bzw. wiederzuw\u00e4hlen: Sabine Letmathe wurde als Schriftf\u00fchrerin wiedergew\u00e4hlt. Sergej Ille bleibt erneut stellvertretender Fachwart Pistole, ebenso Wilfried Ohlendorf als Beisitzer. Lars Baumgarte ist neuer, alter Fahnentr\u00e4ger. Zum Fachwart f\u00fcr Wurfscheiben wurde Michael Rischer gew\u00e4hlt. Neue Kassenpr\u00fcferin darf sich Vanessa Trage nennen. Lutz D\u00f6rries (Fachwart Wurfscheibe) verl\u00e4sst seinen Posten auf eigenen Wunsch, Martin See\u00dfelberg (Kassenpr\u00fcfer) musste seinen Platz turnusgem\u00e4\u00df freimachen. Beide wurden f\u00fcr Ihre Verdienste geehrt. <\/span><\/p>\n","protected":false},"excerpt":{"rendered":"<p>Dieser Idee lie\u00dfen der 1. und 2. Vorsitzende des Sch\u00fctzenvereins Kaltenweide, Axel Siebert und J\u00f6rg Engel, Taten folgen. Ab sofort sinkt der Beitrag automatisch f\u00fcr \u00e4ltere Mitglieder mit einer langj\u00e4hrigen Mitgliedschaft sp\u00fcrbar, um unter anderem Anerkennung f\u00fcr die vergangenen Mitgliedsjahre auszudr\u00fccken. Dieses Vorhaben beschlossen die Mitglieder des Sch\u00fctzenvereins am vergangenen Freitag auf der Jahreshauptversammlung im <a href=\"https:\/\/www.schuetzenverein-kaltenweide.de\/?p=2088\" class=\"more-link\">...weiterlesen<span class=\"screen-reader-text\"> \"Den \u00e4lteren Mitgliedern etwas zur\u00fcckgeben\"<\/span><\/a><\/p>\n","protected":false},"author":4,"featured_media":0,"comment_status":"open","ping_status":"open","sticky":false,"template":"","format":"standard","meta":{"_jetpack_memberships_contains_paid_content":false,"footnotes":""},"categories":[1],"tags":[],"class_list":{"0":"post-2088","1":"post","2":"type-post","3":"status-publish","4":"format-standard","6":"category-uncategorized","7":"h-entry","8":"hentry","9":"h-as-article"},"jetpack_featured_media_url":"","jetpack_sharing_enabled":true,"_links":{"self":[{"href":"https:\/\/www.schuetzenverein-kaltenweide.de\/index.php?rest_route=\/wp\/v2\/posts\/2088","targetHints":{"allow":["GET"]}}],"collection":[{"href":"https:\/\/www.schuetzenverein-kaltenweide.de\/index.php?rest_route=\/wp\/v2\/posts"}],"about":[{"href":"https:\/\/www.schuetzenverein-kaltenweide.de\/index.php?rest_route=\/wp\/v2\/types\/post"}],"author":[{"embeddable":true,"href":"https:\/\/www.schuetzenverein-kaltenweide.de\/index.php?rest_route=\/wp\/v2\/users\/4"}],"replies":[{"embeddable":true,"href":"https:\/\/www.schuetzenverein-kaltenweide.de\/index.php?rest_route=%2Fwp%2Fv2%2Fcomments&post=2088"}],"version-history":[{"count":0,"href":"https:\/\/www.schuetzenverein-kaltenweide.de\/index.php?rest_route=\/wp\/v2\/posts\/2088\/revisions"}],"wp:attachment":[{"href":"https:\/\/www.schuetzenverein-kaltenweide.de\/index.php?rest_route=%2Fwp%2Fv2%2Fmedia&parent=2088"}],"wp:term":[{"taxonomy":"category","embeddable":true,"href":"https:\/\/www.schuetzenverein-kaltenweide.de\/index.php?rest_route=%2Fwp%2Fv2%2Fcategories&post=2088"},{"taxonomy":"post_tag","embeddable":true,"href":"https:\/\/www.schuetzenverein-kaltenweide.de\/index.php?rest_route=%2Fwp%2Fv2%2Ftags&post=2088"}],"curies":[{"name":"wp","href":"https:\/\/api.w.org\/{rel}","templated":true}]}}