{"id":2021,"date":"2019-01-18T17:18:02","date_gmt":"2019-01-18T17:18:02","guid":{"rendered":"http:\/\/schuetzenverein-kaltenweide.de\/?p=2021"},"modified":"2019-01-18T17:18:02","modified_gmt":"2019-01-18T17:18:02","slug":"dja-der-wolf-war-in-kaltenweide","status":"publish","type":"post","link":"https:\/\/www.schuetzenverein-kaltenweide.de\/?p=2021","title":{"rendered":"DJA: Der &#8222;Wolf&#8220; war in Kaltenweide!"},"content":{"rendered":"<p><img data-recalc-dims=\"1\" fetchpriority=\"high\" decoding=\"async\" class=\"alignnone  wp-image-2023\" src=\"https:\/\/i0.wp.com\/schuetzenverein-kaltenweide.de\/wp-content\/uploads\/2019\/01\/wolf-bearbeitet.jpg?resize=505%2C379&#038;ssl=1\" alt=\"\" width=\"505\" height=\"379\" \/><\/p>\n<p>Die \"jungen Alten\" des Sch\u00fctzenvereins Kaltenweide hatten vor einigen Tagen zu ihrer ersten Winterveranstaltung f\u00fcr<!--more--> Jedermann ins Sch\u00fctzenhaus Kaltenweide eingeladen. Ziel dieses neuen Angebotes ist es, verschiedene Themen die jeden interessieren k\u00f6nnten, einer breiten \u00d6ffentlichkeit in Form von Vortr\u00e4gen n\u00e4her zu bringen. Im Winterhalbjahr wird es in Zukunft mehrere Veranstaltungen in diesem Format geben.<\/p>\n<p>Nun war es endlich soweit, Raoul Reding von der Landesj\u00e4gerschaft Niedersachsen informierte die mehr als 60 Interessierten \u00fcber neueste Erkenntnisse zur Verbreitung des Wolfs in Niedersachsen. In sehr sachlicher Form wurden hochaktuelle Daten zur Entwicklung der Wolfspopulation und ihrer Wanderungsbewegungen vorgestellt. Durch dieses \"Wolfsmonitoring\" gelingt es sich ein genaueres Bild auch \u00fcber vermeintliche Sichtungen eines Wolfs, durch z.B. ausgewertete Haar oder Kotproben zu machen.<\/p>\n<p>Auch das Thema Wolfsrisse bei Wild und Nutztieren und deren jeweilige prozentualen Anteile und geografische Verteilung in Niedersachsen, nahm einen breiten Raum ein. In einer konstruktiv gef\u00fchrten Diskussion, im Anschluss des Vortrages, konnten alle anstehenden Fragen von Herrn Reding ausf\u00fchrlich beantwortet werden.<\/p>\n<p>In der n\u00e4chsten Veranstaltung der \"jungen Alten\", am 6.3. um 19:00 Uhr im Sch\u00fctzenhaus Kaltenweide, geht es um die Zukunft der Elektromobilit\u00e4t in Niedersachsen. Herr Warnke von der Firma Avacon wird zu diesem Thema einen \u00dcberblick geben.<\/p>\n","protected":false},"excerpt":{"rendered":"<p>Die \"jungen Alten\" des Sch\u00fctzenvereins Kaltenweide hatten vor einigen Tagen zu ihrer ersten Winterveranstaltung f\u00fcr<\/p>\n","protected":false},"author":4,"featured_media":0,"comment_status":"open","ping_status":"open","sticky":false,"template":"","format":"standard","meta":{"_jetpack_memberships_contains_paid_content":false,"footnotes":""},"categories":[1],"tags":[],"class_list":{"0":"post-2021","1":"post","2":"type-post","3":"status-publish","4":"format-standard","6":"category-uncategorized","7":"h-entry","8":"hentry","9":"h-as-article"},"jetpack_featured_media_url":"","jetpack_sharing_enabled":true,"_links":{"self":[{"href":"https:\/\/www.schuetzenverein-kaltenweide.de\/index.php?rest_route=\/wp\/v2\/posts\/2021","targetHints":{"allow":["GET"]}}],"collection":[{"href":"https:\/\/www.schuetzenverein-kaltenweide.de\/index.php?rest_route=\/wp\/v2\/posts"}],"about":[{"href":"https:\/\/www.schuetzenverein-kaltenweide.de\/index.php?rest_route=\/wp\/v2\/types\/post"}],"author":[{"embeddable":true,"href":"https:\/\/www.schuetzenverein-kaltenweide.de\/index.php?rest_route=\/wp\/v2\/users\/4"}],"replies":[{"embeddable":true,"href":"https:\/\/www.schuetzenverein-kaltenweide.de\/index.php?rest_route=%2Fwp%2Fv2%2Fcomments&post=2021"}],"version-history":[{"count":0,"href":"https:\/\/www.schuetzenverein-kaltenweide.de\/index.php?rest_route=\/wp\/v2\/posts\/2021\/revisions"}],"wp:attachment":[{"href":"https:\/\/www.schuetzenverein-kaltenweide.de\/index.php?rest_route=%2Fwp%2Fv2%2Fmedia&parent=2021"}],"wp:term":[{"taxonomy":"category","embeddable":true,"href":"https:\/\/www.schuetzenverein-kaltenweide.de\/index.php?rest_route=%2Fwp%2Fv2%2Fcategories&post=2021"},{"taxonomy":"post_tag","embeddable":true,"href":"https:\/\/www.schuetzenverein-kaltenweide.de\/index.php?rest_route=%2Fwp%2Fv2%2Ftags&post=2021"}],"curies":[{"name":"wp","href":"https:\/\/api.w.org\/{rel}","templated":true}]}}