{"id":1964,"date":"2018-12-22T19:03:55","date_gmt":"2018-12-22T19:03:55","guid":{"rendered":"http:\/\/schuetzenverein-kaltenweide.de\/?p=1964"},"modified":"2018-12-22T19:12:52","modified_gmt":"2018-12-22T19:12:52","slug":"weihnachtsmarkt-kaltenweide","status":"publish","type":"post","link":"https:\/\/www.schuetzenverein-kaltenweide.de\/?p=1964","title":{"rendered":"Weihnachtsmarkt Kaltenweide"},"content":{"rendered":"\n<figure class=\"wp-block-image\"><img data-recalc-dims=\"1\" fetchpriority=\"high\" decoding=\"async\" width=\"625\" height=\"520\" src=\"https:\/\/i0.wp.com\/schuetzenverein-kaltenweide.de\/wp-content\/uploads\/2018\/12\/e24abf19-2a5c-4502-a934-bf0b3e56b855-1.jpg?resize=625%2C520&#038;ssl=1\" alt=\"\" class=\"wp-image-1984\" srcset=\"https:\/\/i0.wp.com\/schuetzenverein-kaltenweide.de\/wp-content\/uploads\/2018\/12\/e24abf19-2a5c-4502-a934-bf0b3e56b855-1.jpg?resize=1024%2C852&amp;ssl=1 1024w, https:\/\/i0.wp.com\/schuetzenverein-kaltenweide.de\/wp-content\/uploads\/2018\/12\/e24abf19-2a5c-4502-a934-bf0b3e56b855-1.jpg?resize=600%2C499&amp;ssl=1 600w, https:\/\/i0.wp.com\/schuetzenverein-kaltenweide.de\/wp-content\/uploads\/2018\/12\/e24abf19-2a5c-4502-a934-bf0b3e56b855-1.jpg?resize=300%2C250&amp;ssl=1 300w, https:\/\/i0.wp.com\/schuetzenverein-kaltenweide.de\/wp-content\/uploads\/2018\/12\/e24abf19-2a5c-4502-a934-bf0b3e56b855-1.jpg?resize=768%2C639&amp;ssl=1 768w, https:\/\/i0.wp.com\/schuetzenverein-kaltenweide.de\/wp-content\/uploads\/2018\/12\/e24abf19-2a5c-4502-a934-bf0b3e56b855-1.jpg?resize=960%2C798&amp;ssl=1 960w, https:\/\/i0.wp.com\/schuetzenverein-kaltenweide.de\/wp-content\/uploads\/2018\/12\/e24abf19-2a5c-4502-a934-bf0b3e56b855-1.jpg?w=1200&amp;ssl=1 1200w\" sizes=\"(max-width: 625px) 100vw, 625px\" \/><\/figure>\n\n\n\n<p>Die sch\u00f6nste Zeit im Jahr bedeutet f\u00fcr viele Leute Organisationsarbeit auf h\u00f6chstem Niveau. Neben famili\u00e4ren, beruflichen und anderweitigen Aktivit\u00e4ten, sind es oftmals auch Vereine, die in dieser Zeit ebenfalls Veranstaltungen geplant haben. Aus diesem Grund ist es nie selbstverst\u00e4ndlich, wenn sich Personen zusammenfinden, um sich gemeinsam aktiv f\u00fcr unseren Verein zu engagieren.<\/p>\n\n\n\n<!--more-->\n\n\n\n<p>Der Sch\u00fctzenverein Kaltenweide ist besonders erfreut, dass sich auch in diesem Jahr wieder genug Personen finden konnten, um den gemeinschaftlichen Weihnachtsmarkt der OAG Kaltenweide zu unterst\u00fctzen. F\u00fcr unseren Gl\u00fchwein-Stand konnten wir sogar auf Unterst\u00fctzung eines \"Nicht-Sch\u00fctzen\" bauen, der unser Team am Tresen und drum herum unterst\u00fctzte. Neben dem normalen Gl\u00fchwein konnten der wohlschmeckende Heidelbeer-Gl\u00fchwein und Bratapfel-Punsch ausgeschenkt werden. <\/p>\n\n\n\n<figure class=\"wp-block-image\"><img data-recalc-dims=\"1\" decoding=\"async\" width=\"625\" height=\"352\" src=\"https:\/\/i0.wp.com\/schuetzenverein-kaltenweide.de\/wp-content\/uploads\/2018\/12\/22acef8a-0606-4b69-ad5a-a2f587067f4a.jpg?resize=625%2C352&#038;ssl=1\" alt=\"\" class=\"wp-image-1974\" srcset=\"https:\/\/i0.wp.com\/schuetzenverein-kaltenweide.de\/wp-content\/uploads\/2018\/12\/22acef8a-0606-4b69-ad5a-a2f587067f4a.jpg?resize=1024%2C576&amp;ssl=1 1024w, https:\/\/i0.wp.com\/schuetzenverein-kaltenweide.de\/wp-content\/uploads\/2018\/12\/22acef8a-0606-4b69-ad5a-a2f587067f4a.jpg?resize=600%2C338&amp;ssl=1 600w, https:\/\/i0.wp.com\/schuetzenverein-kaltenweide.de\/wp-content\/uploads\/2018\/12\/22acef8a-0606-4b69-ad5a-a2f587067f4a.jpg?resize=300%2C169&amp;ssl=1 300w, https:\/\/i0.wp.com\/schuetzenverein-kaltenweide.de\/wp-content\/uploads\/2018\/12\/22acef8a-0606-4b69-ad5a-a2f587067f4a.jpg?resize=768%2C432&amp;ssl=1 768w, https:\/\/i0.wp.com\/schuetzenverein-kaltenweide.de\/wp-content\/uploads\/2018\/12\/22acef8a-0606-4b69-ad5a-a2f587067f4a.jpg?resize=960%2C540&amp;ssl=1 960w, https:\/\/i0.wp.com\/schuetzenverein-kaltenweide.de\/wp-content\/uploads\/2018\/12\/22acef8a-0606-4b69-ad5a-a2f587067f4a.jpg?w=1376&amp;ssl=1 1376w, https:\/\/i0.wp.com\/schuetzenverein-kaltenweide.de\/wp-content\/uploads\/2018\/12\/22acef8a-0606-4b69-ad5a-a2f587067f4a.jpg?w=1250&amp;ssl=1 1250w\" sizes=\"(max-width: 625px) 100vw, 625px\" \/><\/figure>\n\n\n\n<p><strong>Wir danken im Namen des Vereins f\u00fcr den tollen Tag auf dem Weihnachtsmarkt 2018 in Kaltenweide und freuen uns bereits auf das kommende Jahr.<\/strong><\/p>\n\n\n\n<p class=\"has-text-color has-large-font-size has-vivid-red-color\"><strong>Frohe Weihnachten!<\/strong><\/p>\n","protected":false},"excerpt":{"rendered":"<p>Die sch\u00f6nste Zeit im Jahr bedeutet f\u00fcr viele Leute Organisationsarbeit auf h\u00f6chstem Niveau. Neben famili\u00e4ren, beruflichen und anderweitigen Aktivit\u00e4ten, sind es oftmals auch Vereine, die in dieser Zeit ebenfalls Veranstaltungen geplant haben. Aus diesem Grund ist es nie selbstverst\u00e4ndlich, wenn sich Personen zusammenfinden, um sich gemeinsam aktiv f\u00fcr unseren Verein zu engagieren.<\/p>\n","protected":false},"author":4,"featured_media":0,"comment_status":"open","ping_status":"open","sticky":false,"template":"","format":"standard","meta":{"_jetpack_memberships_contains_paid_content":false,"footnotes":""},"categories":[1],"tags":[],"class_list":{"0":"post-1964","1":"post","2":"type-post","3":"status-publish","4":"format-standard","6":"category-uncategorized","7":"h-entry","8":"hentry","9":"h-as-article"},"jetpack_featured_media_url":"","jetpack_sharing_enabled":true,"_links":{"self":[{"href":"https:\/\/www.schuetzenverein-kaltenweide.de\/index.php?rest_route=\/wp\/v2\/posts\/1964","targetHints":{"allow":["GET"]}}],"collection":[{"href":"https:\/\/www.schuetzenverein-kaltenweide.de\/index.php?rest_route=\/wp\/v2\/posts"}],"about":[{"href":"https:\/\/www.schuetzenverein-kaltenweide.de\/index.php?rest_route=\/wp\/v2\/types\/post"}],"author":[{"embeddable":true,"href":"https:\/\/www.schuetzenverein-kaltenweide.de\/index.php?rest_route=\/wp\/v2\/users\/4"}],"replies":[{"embeddable":true,"href":"https:\/\/www.schuetzenverein-kaltenweide.de\/index.php?rest_route=%2Fwp%2Fv2%2Fcomments&post=1964"}],"version-history":[{"count":0,"href":"https:\/\/www.schuetzenverein-kaltenweide.de\/index.php?rest_route=\/wp\/v2\/posts\/1964\/revisions"}],"wp:attachment":[{"href":"https:\/\/www.schuetzenverein-kaltenweide.de\/index.php?rest_route=%2Fwp%2Fv2%2Fmedia&parent=1964"}],"wp:term":[{"taxonomy":"category","embeddable":true,"href":"https:\/\/www.schuetzenverein-kaltenweide.de\/index.php?rest_route=%2Fwp%2Fv2%2Fcategories&post=1964"},{"taxonomy":"post_tag","embeddable":true,"href":"https:\/\/www.schuetzenverein-kaltenweide.de\/index.php?rest_route=%2Fwp%2Fv2%2Ftags&post=1964"}],"curies":[{"name":"wp","href":"https:\/\/api.w.org\/{rel}","templated":true}]}}