{"id":1904,"date":"2018-12-04T19:29:37","date_gmt":"2018-12-04T19:29:37","guid":{"rendered":"http:\/\/schuetzenverein-kaltenweide.de\/?p=1904"},"modified":"2019-01-18T17:18:40","modified_gmt":"2019-01-18T17:18:40","slug":"dja-teil-1-der-wolf-in-niedersachsen-aktueller-stand","status":"publish","type":"post","link":"https:\/\/www.schuetzenverein-kaltenweide.de\/?p=1904","title":{"rendered":"&#8222;DJA&#8220; Teil 1: Der Wolf in Niedersachsen &#8211; aktueller Stand am 16.01.2019"},"content":{"rendered":"<p><img data-recalc-dims=\"1\" fetchpriority=\"high\" decoding=\"async\" class=\"alignnone size-full wp-image-1906\" src=\"https:\/\/i0.wp.com\/schuetzenverein-kaltenweide.de\/wp-content\/uploads\/2018\/12\/wolf-3585218_1280.jpg?resize=625%2C391&#038;ssl=1\" alt=\"\" width=\"625\" height=\"391\" srcset=\"https:\/\/i0.wp.com\/schuetzenverein-kaltenweide.de\/wp-content\/uploads\/2018\/12\/wolf-3585218_1280.jpg?w=1280&amp;ssl=1 1280w, https:\/\/i0.wp.com\/schuetzenverein-kaltenweide.de\/wp-content\/uploads\/2018\/12\/wolf-3585218_1280.jpg?resize=600%2C375&amp;ssl=1 600w, https:\/\/i0.wp.com\/schuetzenverein-kaltenweide.de\/wp-content\/uploads\/2018\/12\/wolf-3585218_1280.jpg?resize=300%2C188&amp;ssl=1 300w, https:\/\/i0.wp.com\/schuetzenverein-kaltenweide.de\/wp-content\/uploads\/2018\/12\/wolf-3585218_1280.jpg?resize=768%2C480&amp;ssl=1 768w, https:\/\/i0.wp.com\/schuetzenverein-kaltenweide.de\/wp-content\/uploads\/2018\/12\/wolf-3585218_1280.jpg?resize=1024%2C640&amp;ssl=1 1024w, https:\/\/i0.wp.com\/schuetzenverein-kaltenweide.de\/wp-content\/uploads\/2018\/12\/wolf-3585218_1280.jpg?resize=960%2C600&amp;ssl=1 960w\" sizes=\"(max-width: 625px) 100vw, 625px\" \/>\"Die jungen Alten (DJA)\" des Sch\u00fctzenvereins Kaltenweide organisieren zum 1. Mal eine Informationsveranstaltung f\u00fcr Interessierte au\u00dferhalb und innerhalb des Sch\u00fctzenvereins.<\/p>\n<p><strong>\u00a0Save the date:<\/strong> <span style=\"text-decoration: underline;\">16.01.2019 um 19 Uhr<\/span>\u00a0 \u00a0 \u00a0 \u00a0 \u00a0 \u00a0 \u00a0 \u00a0 \u00a0 \u00a0 \u00a0 \u00a0 \u00a0 \u00a0 \u00a0 \u00a0 \u00a0 \u00a0 \u00a0 \u00a0 \u00a0 \u00a0 \u00a0 \u00a0 \u00a0 \u00a0 \u00a0 \u00a0 \u00a0 \u00a0 \u00a0 \u00a0 \u00a0 \u00a0 \u00a0 \u00a0 \u00a0 \u00a0 \u00a0 \u00a0<strong>Wo?<\/strong> <span style=\"text-decoration: underline;\">Saal des Sch\u00fctzenhauses Kaltenweide (Zellerie 8 in Kaltenweide)<\/span>\u00a0 \u00a0 \u00a0 \u00a0 \u00a0 \u00a0 \u00a0 \u00a0 \u00a0 \u00a0 \u00a0 \u00a0 \u00a0 \u00a0 \u00a0<strong>Thema?<\/strong> Der Wolf in Niedersachsen - aktueller Stand \u00a0 \u00a0 \u00a0 \u00a0 \u00a0 \u00a0 \u00a0 \u00a0 \u00a0 \u00a0 \u00a0 \u00a0 \u00a0 \u00a0 \u00a0 \u00a0 \u00a0 \u00a0 \u00a0 \u00a0 \u00a0 \u00a0 \u00a0 \u00a0 \u00a0 \u00a0 \u00a0<strong>Wer ist dabei?<\/strong> Herr Raoul Reding (Wolfsbeauftragter der Landesj\u00e4gerschaft Nds.) \u00a0 \u00a0 \u00a0<strong>Zielgruppe?<\/strong> Alle Interessierten Personen<\/p>\n<p>Sofern Sie schon wissen, dass Sie an dieser Veranstaltung teilnehmen m\u00f6chten, w\u00fcrden wir uns \u00fcber eine kurze telefonische Anmeldung in unserer Gastst\u00e4tte (<span style=\"text-align: center; color: #222222; text-transform: none; text-indent: 0px; letter-spacing: normal; font-family: 'Open Sans',Verdana,Geneva,'DejaVu Sans',sans-serif; font-size: 16px; font-style: normal; font-variant: normal; text-decoration: none; word-spacing: 0px; display: inline !important; white-space: normal; orphans: 2; float: none; -webkit-text-stroke-width: 0px; background-color: transparent;\">Tel: 0511\/774202<\/span>) sehr freuen. F\u00fcr alle anderen ist auch ein spontanes Erscheinen m\u00f6glich. Wir freuen uns sehr auf Ihre\/Eure Teilnahme<\/p>\n<p>Ihre \"jungen Alten\" des Sch\u00fctzenvereins Kaltenweide<\/p>\n","protected":false},"excerpt":{"rendered":"<p>\"Die jungen Alten (DJA)\" des Sch\u00fctzenvereins Kaltenweide organisieren zum 1. Mal eine Informationsveranstaltung f\u00fcr Interessierte au\u00dferhalb und innerhalb des Sch\u00fctzenvereins. \u00a0Save the date: 16.01.2019 um 19 Uhr\u00a0 \u00a0 \u00a0 \u00a0 \u00a0 \u00a0 \u00a0 \u00a0 \u00a0 \u00a0 \u00a0 \u00a0 \u00a0 \u00a0 \u00a0 \u00a0 \u00a0 \u00a0 \u00a0 \u00a0 \u00a0 \u00a0 \u00a0 \u00a0 \u00a0 \u00a0 \u00a0 \u00a0 \u00a0 <a href=\"https:\/\/www.schuetzenverein-kaltenweide.de\/?p=1904\" class=\"more-link\">...weiterlesen<span class=\"screen-reader-text\"> \"&#8222;DJA&#8220; Teil 1: Der Wolf in Niedersachsen &#8211; aktueller Stand am 16.01.2019\"<\/span><\/a><\/p>\n","protected":false},"author":4,"featured_media":0,"comment_status":"open","ping_status":"open","sticky":false,"template":"","format":"standard","meta":{"_jetpack_memberships_contains_paid_content":false,"footnotes":""},"categories":[1],"tags":[],"class_list":{"0":"post-1904","1":"post","2":"type-post","3":"status-publish","4":"format-standard","6":"category-uncategorized","7":"h-entry","8":"hentry","9":"h-as-article"},"jetpack_featured_media_url":"","jetpack_sharing_enabled":true,"_links":{"self":[{"href":"https:\/\/www.schuetzenverein-kaltenweide.de\/index.php?rest_route=\/wp\/v2\/posts\/1904","targetHints":{"allow":["GET"]}}],"collection":[{"href":"https:\/\/www.schuetzenverein-kaltenweide.de\/index.php?rest_route=\/wp\/v2\/posts"}],"about":[{"href":"https:\/\/www.schuetzenverein-kaltenweide.de\/index.php?rest_route=\/wp\/v2\/types\/post"}],"author":[{"embeddable":true,"href":"https:\/\/www.schuetzenverein-kaltenweide.de\/index.php?rest_route=\/wp\/v2\/users\/4"}],"replies":[{"embeddable":true,"href":"https:\/\/www.schuetzenverein-kaltenweide.de\/index.php?rest_route=%2Fwp%2Fv2%2Fcomments&post=1904"}],"version-history":[{"count":0,"href":"https:\/\/www.schuetzenverein-kaltenweide.de\/index.php?rest_route=\/wp\/v2\/posts\/1904\/revisions"}],"wp:attachment":[{"href":"https:\/\/www.schuetzenverein-kaltenweide.de\/index.php?rest_route=%2Fwp%2Fv2%2Fmedia&parent=1904"}],"wp:term":[{"taxonomy":"category","embeddable":true,"href":"https:\/\/www.schuetzenverein-kaltenweide.de\/index.php?rest_route=%2Fwp%2Fv2%2Fcategories&post=1904"},{"taxonomy":"post_tag","embeddable":true,"href":"https:\/\/www.schuetzenverein-kaltenweide.de\/index.php?rest_route=%2Fwp%2Fv2%2Ftags&post=1904"}],"curies":[{"name":"wp","href":"https:\/\/api.w.org\/{rel}","templated":true}]}}