{"id":1409,"date":"2018-05-13T19:38:33","date_gmt":"2018-05-13T19:38:33","guid":{"rendered":"http:\/\/schuetzenverein-kaltenweide.de\/?p=1409"},"modified":"2018-05-19T10:06:37","modified_gmt":"2018-05-19T10:06:37","slug":"koenige-und-koenigin-stehen-in-kaltenweide-fest","status":"publish","type":"post","link":"https:\/\/www.schuetzenverein-kaltenweide.de\/?p=1409","title":{"rendered":"K\u00f6nige und K\u00f6nigin stehen in Kaltenweide fest"},"content":{"rendered":"<p><img data-recalc-dims=\"1\" fetchpriority=\"high\" decoding=\"async\" class=\"alignnone size-full wp-image-1445\" src=\"https:\/\/i0.wp.com\/schuetzenverein-kaltenweide.de\/wp-content\/uploads\/2018\/05\/CA80FB2F-BDCB-4745-8EDC-C2E093CF595F.jpeg?resize=625%2C469&#038;ssl=1\" alt=\"\" width=\"625\" height=\"469\" \/>Mit dem richtigen Fu\u00df sind an Himmelfahrt bewiesenerma\u00dfen Martin See\u00dfelberg, Annette Klatt sowie Philipp Niemeier aufgestanden. Alle drei schossen \u00e4u\u00dferst erfolgreich und sicherten sich am Ende jeweils die h\u00f6chste W\u00fcrde Ihrer Klasse. <!--more-->In diesem Jahr darf sich Martin See\u00dfelberg als K\u00f6nig betiteln lassen, Annette Klatt ist neue K\u00f6nigin und Philipp Niemeier neuer Jugendk\u00f6nig. Am Pfingstsamstag kehrt der Sch\u00fctzenausmarsch bei dem Jugendk\u00f6nig, dem Gemeindek\u00f6nig und der K\u00f6nigin ein, ehe es am Sonntag zur Anbringung der Schluckscheibe und der K\u00f6nigsscheibe kommt. Die Anbringung der Scheiben bei den jeweiligen W\u00fcrdentr\u00e4gern ist durch ein neues Sicherheitskonzept der Stadt und Polizei leider so zu legen, dass m\u00f6glichst wenig Stra\u00dfen abgesperrt werden m\u00fcssen. Infolgedessen kann die urspr\u00fcngliche Reihenfolge des Scheiben-Anbringens wie in den Jahren zuvor, nicht mehr garantiert bzw. eingehalten werden.<\/p>\n<p>Weiterhin gab es folgende Ergebnisse:<\/p>\n<p>Jannik Niemeier (Sch\u00fclerk\u00f6nig), Maja-Christin Falkenberg (Schluckk\u00f6nigin), Michael Lehnhardt (Herreh\u00e4user-K\u00f6nigs-Kette), Wilfried Ohlendorf (Seniorenkette, Meister-Eder-Scheibe und Ortsratpokal), Stefan Gl\u00e4ser (Pistolen-Kette), Jessica Letmathe (Re\u00dfmeyer-Kette), Thomas Siebert (B\u00fcrgerk\u00f6nig), Fabian Klatt (Adlerk\u00f6nig), Melanie Bulitz (J\u00e4gerhof-Kette), Dagmar See\u00dfelberg (Richard-Eggers-Kette), Stephan Niemeier (Gemeinde-Kette und Ohlendorf-Kette), Tim Fischbach (Gemeinde-Kette Jugend), Eric Rehwinkel (Sch\u00fctzentaler), Mandy Herrmann (Ludwig-Dengler-Scheibe), J\u00f6rg Engel ( Niedersachsen-Ross)<\/p>\n","protected":false},"excerpt":{"rendered":"<p>Mit dem richtigen Fu\u00df sind an Himmelfahrt bewiesenerma\u00dfen Martin See\u00dfelberg, Annette Klatt sowie Philipp Niemeier aufgestanden. Alle drei schossen \u00e4u\u00dferst erfolgreich und sicherten sich am Ende jeweils die h\u00f6chste W\u00fcrde Ihrer Klasse.<\/p>\n","protected":false},"author":4,"featured_media":0,"comment_status":"open","ping_status":"open","sticky":false,"template":"","format":"standard","meta":{"_jetpack_memberships_contains_paid_content":false,"footnotes":""},"categories":[1],"tags":[],"class_list":{"0":"post-1409","1":"post","2":"type-post","3":"status-publish","4":"format-standard","6":"category-uncategorized","7":"h-entry","8":"hentry","9":"h-as-article"},"jetpack_featured_media_url":"","jetpack_sharing_enabled":true,"_links":{"self":[{"href":"https:\/\/www.schuetzenverein-kaltenweide.de\/index.php?rest_route=\/wp\/v2\/posts\/1409","targetHints":{"allow":["GET"]}}],"collection":[{"href":"https:\/\/www.schuetzenverein-kaltenweide.de\/index.php?rest_route=\/wp\/v2\/posts"}],"about":[{"href":"https:\/\/www.schuetzenverein-kaltenweide.de\/index.php?rest_route=\/wp\/v2\/types\/post"}],"author":[{"embeddable":true,"href":"https:\/\/www.schuetzenverein-kaltenweide.de\/index.php?rest_route=\/wp\/v2\/users\/4"}],"replies":[{"embeddable":true,"href":"https:\/\/www.schuetzenverein-kaltenweide.de\/index.php?rest_route=%2Fwp%2Fv2%2Fcomments&post=1409"}],"version-history":[{"count":0,"href":"https:\/\/www.schuetzenverein-kaltenweide.de\/index.php?rest_route=\/wp\/v2\/posts\/1409\/revisions"}],"wp:attachment":[{"href":"https:\/\/www.schuetzenverein-kaltenweide.de\/index.php?rest_route=%2Fwp%2Fv2%2Fmedia&parent=1409"}],"wp:term":[{"taxonomy":"category","embeddable":true,"href":"https:\/\/www.schuetzenverein-kaltenweide.de\/index.php?rest_route=%2Fwp%2Fv2%2Fcategories&post=1409"},{"taxonomy":"post_tag","embeddable":true,"href":"https:\/\/www.schuetzenverein-kaltenweide.de\/index.php?rest_route=%2Fwp%2Fv2%2Ftags&post=1409"}],"curies":[{"name":"wp","href":"https:\/\/api.w.org\/{rel}","templated":true}]}}